{"id":8063,"date":"2016-01-20T10:02:50","date_gmt":"2016-01-20T09:02:50","guid":{"rendered":"https:\/\/blog.kakadu.pl\/wordpress\/?p=8063"},"modified":"2022-08-19T16:02:32","modified_gmt":"2022-08-19T14:02:32","slug":"zwierzeta-tez-czuja-bol-nie-pozwol-by-cierpialy-kampania-spoleczna","status":"publish","type":"post","link":"https:\/\/kakadu.pl\/blog\/zwierzeta-tez-czuja-bol-nie-pozwol-by-cierpialy-kampania-spoleczna\/","title":{"rendered":"\"Zwierz\u0119ta te\u017c czuj\u0105 b\u00f3l. Nie pozw\u00f3l, by cierpia\u0142y\" - kampania spo\u0142eczna"},"content":{"rendered":"<p><strong>Rozpocz\u0119\u0142a si\u0119 II edycja kampanii spo\u0142ecznej ,,Zwierz\u0119ta te\u017c czuj\u0105 b\u00f3l. Nie pozw\u00f3l by cierpia\u0142y\u2019\u2019<\/strong><strong> . Patronat nad akcj\u0105 obj\u0119\u0142a m.in. sie\u0107 sklep\u00f3w Kakadu. <\/strong><strong><br \/>\n<\/strong><\/p>\n<p><strong>Kampania spo\u0142eczna<\/strong><strong>\u00a0<\/strong><strong>,,Zwierz\u0119ta te\u017c czuj\u0105 b\u00f3l. Nie pozw\u00f3l, by cierpia\u0142y\u2019\u2019, organizowana<\/strong><strong> jest <\/strong><strong>przez Fundacj\u0119 Towarzystwo Weterynaryjne.<\/strong><strong>\u00a0<\/strong><strong>To druga edycja wydarzenia, kt\u00f3re<br \/>\nw zesz\u0142ym roku odby\u0142o si\u0119 pod has\u0142em ,,Zwierz\u0119ta cierpi\u0105<\/strong><strong>\u00a0<\/strong><strong>w milczeniu\u2019\u2019.<\/strong><strong>\u00a0<\/strong><\/p>\n<p><strong>Sk\u0105d pomys\u0142 na tak\u0105 kampani\u0119? Rozmowa<\/strong> <strong>z Rados\u0142awem<\/strong><strong>\u00a0<\/strong><strong>Marter<\/strong><strong>, prezesem<\/strong><strong>\u00a0<\/strong><strong>Fundacji Towarzystwo<\/strong><strong>\u00a0<\/strong><strong>Weterynaryjne.<\/strong><\/p>\n<p>Wci\u0105\u017c\u00a0panuje b\u0142\u0119dne\u00a0\u00a0przekonanie, \u017ce\u00a0zwierz\u0119ta\u00a0nie\u00a0czuj\u0105 b\u00f3lu. Co prawda nie werbalizuj\u0105 one znacz\u0105co b\u00f3lu czy nieprzyjemnych zachowa\u0144 ale odczuwaj\u0105 je w ten sam spos\u00f3b, jak my ludzie. Uznali\u015bmy, \u017ce\u00a0temat jest wa\u017cny i nale\u017cy g\u0142o\u015bno o nim m\u00f3wi\u0107.\u00a0Szczeg\u00f3lnie, \u017ce\u00a0nasza fundacja\u00a0specjalizuje si\u0119 w leczeniu zwierz\u0105t. W\u00a0naszej przychodni codziennie spotykamy si\u0119<br \/>\nz chorymi czworonogami. Cz\u0119sto s\u0105 to naprawd\u0119 bardzo trudne przypadki,\u00a0kt\u00f3re wcze\u015bniej rozpoznane mog\u0142oby\u00a0ocali\u0107\u00a0\u017cycie zwierz\u0119cia. Niestety zazwyczaj w\u00a0momencie zg\u0142oszenia si\u0119 do nas, jest za p\u00f3\u017ano na leczenie i pupila nie mo\u017cna ju\u017c uratowa\u0107.<\/p>\n<p><strong>\u00a0Czyli<\/strong><strong>\u00a0<\/strong><strong>m\u00f3wi\u0105c bardzo brutalnie wina le\u017cy po stronie w\u0142a\u015bciciela?<\/strong><\/p>\n<p>Zauwa\u017cyli\u015bmy, \u017ce nawet do\u015bwiadczeni w\u0142a\u015bciciele nie radz\u0105 sobie\u00a0z rozpoznawaniem b\u00f3lu<br \/>\nu swoich zwierz\u0105t. Niezale\u017cnie czy jest to pies, kot czy ko\u0144. To bardzo powa\u017cny problem, poniewa\u017c zwierz\u0119 cierpi a nie otrzymuje pomocy.\u00a0Wynika on\u00a0nie ze z\u0142ej woli ale z braku wiedzy.\u00a0Uznali\u015bmy, \u017ce trzeba\u00a0podj\u0105\u0107 zdecydowane dzia\u0142ania, poniewa\u017c skala i zgroza zjawiska wydaje si\u0119 by\u0107 wi\u0119ksza lub co najmniej por\u00f3wnywalna do bezdomno\u015bci zwierz\u0105t.\u00a0Z drugiej strony mo\u017cemy zada\u0107 sobie pytanie, kto\u00a0inny\u00a0powinien zna\u0107 zwierz\u0119 lepiej ni\u017c jego w\u0142a\u015bciciel?<\/p>\n<p><strong>\u00a0Co<\/strong><strong>\u00a0<\/strong><strong>zatem<\/strong><strong>\u00a0<\/strong><strong>ma<\/strong><strong>\u00a0<\/strong><strong>zrobi\u0107, a czego nie robi\u0107<\/strong><strong>\u00a0<\/strong><strong>w\u0142a\u015bciciel czworonoga, kt\u00f3ry podejrzewa, \u017ce jego zwierz\u0119 cierpi?<\/strong><\/p>\n<p>W\u0142a\u015bciciele powinni bardzo uwa\u017cnie obserwowa\u0107 swojego zwierzaka, gdy\u017c cz\u0119sto wysy\u0142ane przez niego sygna\u0142y s\u0105 bardzo subtelne, a jedynym objawem b\u00f3lu mo\u017ce by\u0107 niech\u0119\u0107 do jedzenia i lekka utrata wagi. W ka\u017cdej sytuacji, gdy podejrzewamy, \u017ce naszemu pupilowi co\u015b dolega i mo\u017ce odczuwa\u0107 b\u00f3l, nale\u017cy nie zwleka\u0107 i uda\u0107 si\u0119 na konsultacj\u0119 do lekarza weterynarii.\u00a0Pami\u0119tajmy jednak, \u017ce nie zna on badanego zwierz\u0119cia tak jak my. Ponadto na zachowanie czworonoga mo\u017ce mie\u0107 wp\u0142yw r\u00f3wnie\u017c obecno\u015b\u0107 w nowym miejscu, jakim jest gabinet weterynaryjny, przez co b\u00f3l mo\u017ce si\u0119 przejawia\u0107 w mniej wyrazisty spos\u00f3b.<strong>\u00a0<\/strong>Warto te\u017c wiedzie\u0107, \u017ce\u00a0s\u0105 choroby\u00a0takie\u00a0jak\u00a0np. zwyrodnienie staw\u00f3w, kt\u00f3re traktujemy jako\u00a0naturalne\u00a0nast\u0119pstwo staro\u015bci. Zwierz\u0119 cierpi, a tymczasem\u00a0mo\u017cna\u00a0je\u00a0leczy\u0107, u\u015bmierzaj\u0105c b\u00f3l \u015brodkami przeciwb\u00f3lowymi.\u00a0Nie powinni\u015bmy\u00a0jednak\u00a0dzia\u0142a\u0107 samodzielnie i podawa\u0107 zwierz\u0119ciu lek\u00f3w przeciwb\u00f3lowych przeznaczonych dla ludzi. Mo\u017cemy\u00a0mu zaszkodzi\u0107\u00a0i doprowadzi\u0107 nawet do jego \u015bmierci.<\/p>\n<p><strong>\u00a0Zwierz\u0119ta bardzo subtelnie wysy\u0142aj\u0105 sygna\u0142y zwi\u0105zane z b\u00f3lem<\/strong><strong>\u00a0<\/strong><strong>i opiekun<\/strong><strong>\u00a0<\/strong><strong>mo\u017ce je przeoczy\u0107. Jakie zatem s\u0105 objawy, kt\u00f3re powinny wzbudzi\u0107 nasz\u0105 czujno\u015b\u0107?<\/strong><\/p>\n<p>Naj\u0142atwiej\u00a0chyba mo\u017cna\u00a0rozpozna\u0107\u00a0b\u00f3l u psa.\u00a0Bywa wtedy apatyczny,\u00a0czasem nadpobudliwy a nawet agresywny,\u00a0rzadziej\u00a0popiskuje.\u00a0Mniej typowymi objawami\u00a0jest uporczywe gryzienie lub wylizywanie bol\u0105cego miejsca. W\u0142a\u015bciciele cz\u0119sto my\u015bl\u0105, \u017ce psa co\u015b sw\u0119dzi, a s\u0105 to objawy\u00a0b\u00f3lu.\u00a0Pies, kt\u00f3rego co\u015b boli niech\u0119tnie si\u0119 porusza, mo\u017ce szuka\u0107 ustronnego miejsca, czasem nie przyjdzie si\u0119 przywita\u0107 na widok cz\u0142owieka. Gdy b\u00f3l jest bardzo silny zwierz\u0119 traci ochot\u0119 do ruchu i zainteresowanie pokarmem.<\/p>\n<p><strong>\u00a0Czy podobnie wygl\u0105da<\/strong><strong>\u00a0<\/strong><strong>sytuacja z kotami?<\/strong><\/p>\n<p>Z\u202fkotami\u202fsprawa jest nieco trudniejsza. Niekt\u00f3re koty potrafi\u0105 g\u0142o\u015bno skar\u017cy\u0107 si\u0119 na swoje dolegliwo\u015bci. Jednak wi\u0119kszo\u015b\u0107 z nich b\u0119dzie po prostu szuka\u0107 ustronnego miejsca, chowa\u0107 si\u0119 przed nami, unika\u0107 kontaktu z domownikami. Niekt\u00f3rych niespecjalnie to zdziwi, gdy\u017c koty\u00a0chodz\u0105\u00a0swoimi \u015bcie\u017ckami i\u00a0z natury s\u0105 samotnikami, dlatego bardzo \u0142atwo przeoczy\u0107 u nich objawy b\u00f3lu i choroby. Tak samo jak u ps\u00f3w, koty potrafi\u0105 uporczywie drapa\u0107, liza\u0107 i gry\u017a\u0107 bol\u0105ce miejsce. Czasem reaguj\u0105 agresj\u0105, za\u015b przy bardzo silnym b\u00f3lu potrafi\u0105 le\u017ce\u0107 w jednej pozycji bez ruchu i ukrywa\u0107 si\u0119.\u00a0Cz\u0119stym\u00a0objawem b\u00f3lu jest\u00a0tak\u017ce\u00a0za\u0142atwianie potrzeb\u00a0fizjologicznych poza kuwet\u0105\u00a0\u00a0i\u00a0na\u00a0pewno\u00a0nie jest to \"kocia z\u0142o\u015bliwo\u015b\u0107\",\u00a0o kt\u00f3rej\u00a0cz\u0119sto\u00a0w\u00f3wczas my\u015blimy.<\/p>\n<p><strong>\u00a0Koty i<\/strong><strong>\u00a0<\/strong><strong>psy to jednak nie jedyne zwierz\u0119ta. Cz\u0119sto ludzie hoduj\u0105,<\/strong><strong>\u00a0<\/strong><strong>zaj\u0119czaki,<\/strong><strong>\u00a0<\/strong><strong>gryzonie, ptaki lub gady.<\/strong><strong>\u00a0<\/strong><br \/>\n<strong>U takich zwierz\u0105t r\u00f3wnie\u017c mo\u017cna wychwyci\u0107<\/strong><strong>\u00a0<\/strong><strong>symptomy b\u00f3lu?<\/strong><\/p>\n<p>Zgadza si\u0119. Gryzonie\u00a0i zaj\u0119czaki\u00a0r\u00f3wnie\u017c\u202fodczuwaj\u0105 b\u00f3l. Problemy stomatologiczne, choroby uk\u0142adu pokarmowego czy dolegliwo\u015bci ortopedyczne s\u0105 cz\u0119st\u0105 przyczyn\u0105\u00a0b\u00f3lu u\u00a0tych\u00a0ma\u0142ych zwierz\u0105t. Gryzonie\u00a0i\u00a0zaj\u0119czaki\u00a0s\u0105 ro\u015blino\u017cercami w naturalnym \u015brodowisku pe\u0142ni\u0105 rol\u0119 ofiary, dlatego bardzo d\u0142ugo potrafi\u0105 maskowa\u0107 objawy choroby, r\u00f3wnie\u017c przewlek\u0142ego b\u00f3lu. Zwierz\u0119ta\u00a0staj\u0105 si\u0119 apatyczne, cho\u0107 nie zawsze i cz\u0119sto jedynym objawem tego, \u017ce co\u015b si\u0119 dzieje z ich zdrowiem jest chudni\u0119cie i\u00a0pobieranie mniejszej ilo\u015bci\u00a0pokarmu, nastroszone futerko, nieobecny wzrok, wolniejsza reakcja na bod\u017ace.<\/p>\n<p>Najtrudniejsza sytuacja ma miejsce u ptak\u00f3w i gad\u00f3w.\u202fPtaki\u202fw stanach b\u00f3lowych potrafi\u0105 siedzie\u0107<br \/>\nz nastroszonymi pi\u00f3rami, odci\u0105\u017ca\u0107 bol\u0105c\u0105 ko\u0144czyn\u0119, mniej interesowa\u0107 si\u0119 otoczeniem, opiekunem, pokarmem, chowa\u0107\u00a0si\u0119 w budce. Ptaki \u015bpiewaj\u0105ce i papugi mog\u0105 przesta\u0107 wydawa\u0107 d\u017awi\u0119ki.\u00a0Gady\u00a0natomiast, jako zwierz\u0119ta zmiennocieplne maj\u0105 troch\u0119 inny spos\u00f3b odbierania b\u00f3lu, ze wzgl\u0119du na fakt, i\u017c ich uk\u0142ad nerwowy jest s\u0142abiej wykszta\u0142cony ni\u017c zwierz\u0105t sta\u0142ocieplnych. Objawem b\u00f3lowym u \u017c\u00f3\u0142wi, jaszczurek i w\u0119\u017cy jest osowienie, chowanie si\u0119 w kryj\u00f3wce, niech\u0119\u0107 do jedzenia i w efekcie chudni\u0119cie, odr\u0119twienie.<\/p>\n<p><strong>Do<\/strong><strong>\u00a0<\/strong><strong>tematu b\u00f3lu<\/strong><strong>\u00a0<\/strong><strong>b\u0119dziemy<\/strong><strong>\u00a0<\/strong><strong>nawi\u0105zywa\u0107<\/strong><strong>\u00a0<\/strong><strong>w kolejnych numerach Rynku Zoologicznego. Wr\u00f3\u0107my do tematu leczenia zwierz\u0105t.<\/strong><strong>\u00a0<\/strong><strong>W jaki spos\u00f3b i komu Pa\u0144stwo pomagacie?<\/strong><\/p>\n<p>Fundacja Towarzystwo Weterynaryjne\u00a0wspiera osoby ubogie, poprzez \u015bwiadczenia lekarsko weterynaryjne. Do naszej kliniki zg\u0142aszaj\u0105 si\u0119 osoby, kt\u00f3re cz\u0119sto nie maj\u0105 praktycznie \u017cadnych \u015brodk\u00f3w do \u017cycia,\u00a0ale tak bardzo s\u0105 zwi\u0105zane ze swoimi pupilami, \u017ce chc\u0105 im pom\u00f3c za wszelk\u0105 cen\u0119. Zdajemy sobie spraw\u0119 z sytuacji w jakiej\u00a0znajduj\u0105 si\u0119 ci ludzie, dlatego wspieramy wszystkich, kt\u00f3rzy tej pomocy potrzebuj\u0105. Mimo, \u017ce nie zawsze jest nam \u0142atwo pozyska\u0107 \u015brodki na ten cel.<\/p>\n<p><strong>Przyjrzyjmy si\u0119 jeszcze<\/strong><strong>\u00a0<\/strong><strong>samej kampanii.<\/strong><strong>\u00a0<\/strong><strong>To<\/strong><strong>\u00a0<\/strong><strong>jej druga edycja.<\/strong><strong>\u00a0<\/strong><strong>Zesz\u0142oroczna odbywa\u0142a si\u0119 pod has\u0142em ,,Zwierz\u0119ta cierpi\u0105 w milczeniu\u2019\u2019.<\/strong><\/p>\n<p>W zesz\u0142ym roku przeprowadzili\u015bmy pierwsz\u0105 edycj\u0119 kampanii. Nie mi\u0119li\u015bmy wtedy \u017cadnych do\u015bwiadcze\u0144 w tej materii. Dysponowali\u015bmy wy\u0142\u0105cznie naszymi dobrymi ch\u0119ciami i zapa\u0142em do pracy. Mimo tego,\u00a0do akcji przy\u0142\u0105czy\u0142 si\u0119 szereg firm\u00a0i partner\u00f3w. Dzi\u0119ki dobrej woli wielu os\u00f3b uda\u0142o si\u0119 przeprowadzi\u0107 kampani\u0119 w wielu interesuj\u0105cych miejscach\u00a0takich jak np.\u00a0warszawska\u00a0komunikacja\u00a0miejska, byli\u015bmy\u00a0r\u00f3wnie\u017c\u00a0go\u015b\u0107mi\u00a0wielu\u00a0stacji\u00a0radiowych,\u00a0a\u00a0w\u00a0TVP mo\u017cna by\u0142o obejrze\u0107\u00a0nasze spoty\u00a0tematyczne.\u00a0Wspiera\u0142y nas r\u00f3wnie\u017c\u00a0znane\u00a0osoby,\u00a0takie\u00a0jak np. Micha\u0142 Olsza\u0144ski,\u00a0Maciej\u00a0Jab\u0142o\u0144ski,\u00a0czy\u00a0Wiktor Zborowski.<br \/>\nW tym roku kampania odbywa si\u0119 pod has\u0142em ,,Zwierz\u0119ta te\u017c czuj\u0105 b\u00f3l. Nie pozw\u00f3l by cierpia\u0142y\u201d. Mamy ju\u017c pewne do\u015bwiadczenia z poprzedniej edycji, a\u00a0grono partner\u00f3w i os\u00f3b wspieraj\u0105cych nasz\u0105\u00a0inicjatyw\u0119\u00a0zwi\u0119ksza\u00a0si\u0119 z dnia na dzie\u0144,\u00a0co sprawia, \u017ce\u00a0tym razem\u00a0nie musimy\u00a0ju\u017c\u00a0wywa\u017ca\u0107 otwartych drzwi.\u00a0Zamierzamy nadal rozwija\u0107 projekt, a przy kolejnej edycji planujemy zorganizowa\u0107 szereg warsztat\u00f3w\u00a0tematycznych\u00a0o b\u00f3lu zwierz\u0105t\u00a0dla dzieci i doros\u0142ych.<\/p>\n<p><strong>W ramach kampanii chcieliby\u015bmy te\u017c zach\u0119ci\u0107 wszystkich do przekazania swojego 1% podatku na leczenie zwierz\u0105t\u00a0-\u00a0KRS\u00a00000\u00a040 6362\u00a0Fundacja\u00a0Towarzystwo Weterynaryjne\u00a0- bardzo nam to pomo\u017ce w codziennej walce z b\u00f3lem u zwierz\u0105t.<\/strong><\/p>\n<p>Fundacja Towarzystwo Weterynaryjne<\/p>\n<p><strong><a href=\"https:\/\/www.zwierzetaczujabol.org\/\">https:\/\/www.zwierzetaczujabol.org\/<\/a><\/strong><\/p>\n<p><a href=\"https:\/\/www.zwierzetaczujabol.org\" rel=\"attachment wp-att-8067\"><img decoding=\"async\" loading=\"lazy\" class=\"alignnone wp-image-8067 size-full\" src=\"https:\/\/kakadu.pl\/blog\/wp-content\/uploads\/2016\/01\/Plakat-KAKADU-B1.jpg\" alt=\"Plakat KAKADU B1\" width=\"680\" height=\"951\" srcset=\"https:\/\/kakadu.pl\/blog\/wp-content\/uploads\/2016\/01\/Plakat-KAKADU-B1.jpg 680w, https:\/\/kakadu.pl\/blog\/wp-content\/uploads\/2016\/01\/Plakat-KAKADU-B1-215x300.jpg 215w\" sizes=\"(max-width: 680px) 100vw, 680px\" \/><\/a><\/p>\n","protected":false},"excerpt":{"rendered":"<p>Rozpocz\u0119\u0142a si\u0119 II edycja kampanii spo\u0142ecznej ,,Zwierz\u0119ta te\u017c czuj\u0105 b\u00f3l. Nie pozw\u00f3l by cierpia\u0142y\u2019\u2019 . Patronat nad akcj\u0105 obj\u0119\u0142a m.in. sie\u0107 sklep\u00f3w Kakadu. Kampania spo\u0142eczna\u00a0,,Zwierz\u0119ta te\u017c czuj\u0105 b\u00f3l. Nie pozw\u00f3l,...<\/p>\n","protected":false},"author":1,"featured_media":8062,"comment_status":"open","ping_status":"open","sticky":false,"template":"","format":"standard","meta":{"inline_featured_image":false,"footnotes":""},"categories":[103,102],"tags":[],"yoast_head":"<!-- This site is optimized with the Yoast SEO plugin v22.4 - https:\/\/yoast.com\/wordpress\/plugins\/seo\/ -->\n<title>&quot;Zwierz\u0119ta te\u017c czuj\u0105 b\u00f3l. Nie pozw\u00f3l, by cierpia\u0142y&quot; - kampania spo\u0142eczna | \ud83d\udc36 Blog Kakadu ZOO<\/title>\n<meta name=\"description\" content=\"&quot;Zwierz\u0119ta te\u017c czuj\u0105 b\u00f3l. Nie pozw\u00f3l, by cierpia\u0142y&quot; - kampania spo\u0142eczna \ud83d\udc31 Sprawd\u017a informacje oraz wiedz\u0119, kt\u00f3r\u0105 dziel\u0105 si\u0119 specjali\u015bci Kakadu \ud83d\udc36\" \/>\n<meta name=\"robots\" content=\"index, follow, max-snippet:-1, max-image-preview:large, max-video-preview:-1\" \/>\n<link rel=\"canonical\" href=\"https:\/\/kakadu.pl\/blog\/zwierzeta-tez-czuja-bol-nie-pozwol-by-cierpialy-kampania-spoleczna\/\" \/>\n<meta property=\"og:locale\" content=\"pl_PL\" \/>\n<meta property=\"og:type\" content=\"article\" \/>\n<meta property=\"og:title\" content=\"&quot;Zwierz\u0119ta te\u017c czuj\u0105 b\u00f3l. Nie pozw\u00f3l, by cierpia\u0142y&quot; - kampania spo\u0142eczna | \ud83d\udc36 Blog Kakadu ZOO\" \/>\n<meta property=\"og:description\" content=\"&quot;Zwierz\u0119ta te\u017c czuj\u0105 b\u00f3l. Nie pozw\u00f3l, by cierpia\u0142y&quot; - kampania spo\u0142eczna \ud83d\udc31 Sprawd\u017a informacje oraz wiedz\u0119, kt\u00f3r\u0105 dziel\u0105 si\u0119 specjali\u015bci Kakadu \ud83d\udc36\" \/>\n<meta property=\"og:url\" content=\"https:\/\/kakadu.pl\/blog\/zwierzeta-tez-czuja-bol-nie-pozwol-by-cierpialy-kampania-spoleczna\/\" \/>\n<meta property=\"og:site_name\" content=\"Sie\u0107 sklep\u00f3w zoologicznych Kakadu\" \/>\n<meta property=\"article:published_time\" content=\"2016-01-20T09:02:50+00:00\" \/>\n<meta property=\"article:modified_time\" content=\"2022-08-19T14:02:32+00:00\" \/>\n<meta property=\"og:image\" content=\"https:\/\/kakadu.pl\/blog\/wp-content\/uploads\/2016\/01\/Kakadupl.jpg\" \/>\n\t<meta property=\"og:image:width\" content=\"940\" \/>\n\t<meta property=\"og:image:height\" content=\"580\" \/>\n\t<meta property=\"og:image:type\" content=\"image\/jpeg\" \/>\n<meta name=\"author\" content=\"Kakadu Zoo\" \/>\n<meta name=\"twitter:card\" content=\"summary_large_image\" \/>\n<meta name=\"twitter:label1\" content=\"Napisane przez\" \/>\n\t<meta name=\"twitter:data1\" content=\"Kakadu Zoo\" \/>\n\t<meta name=\"twitter:label2\" content=\"Szacowany czas czytania\" \/>\n\t<meta name=\"twitter:data2\" content=\"7 minut\" \/>\n<script type=\"application\/ld+json\" class=\"yoast-schema-graph\">{\"@context\":\"https:\/\/schema.org\",\"@graph\":[{\"@type\":\"WebPage\",\"@id\":\"https:\/\/kakadu.pl\/blog\/zwierzeta-tez-czuja-bol-nie-pozwol-by-cierpialy-kampania-spoleczna\/\",\"url\":\"https:\/\/kakadu.pl\/blog\/zwierzeta-tez-czuja-bol-nie-pozwol-by-cierpialy-kampania-spoleczna\/\",\"name\":\"\\\"Zwierz\u0119ta te\u017c czuj\u0105 b\u00f3l. Nie pozw\u00f3l, by cierpia\u0142y\\\" - kampania spo\u0142eczna | \ud83d\udc36 Blog Kakadu ZOO\",\"isPartOf\":{\"@id\":\"https:\/\/kakadu.pl\/blog\/#website\"},\"primaryImageOfPage\":{\"@id\":\"https:\/\/kakadu.pl\/blog\/zwierzeta-tez-czuja-bol-nie-pozwol-by-cierpialy-kampania-spoleczna\/#primaryimage\"},\"image\":{\"@id\":\"https:\/\/kakadu.pl\/blog\/zwierzeta-tez-czuja-bol-nie-pozwol-by-cierpialy-kampania-spoleczna\/#primaryimage\"},\"thumbnailUrl\":\"https:\/\/kakadu.pl\/blog\/wp-content\/uploads\/2016\/01\/Kakadupl.jpg\",\"datePublished\":\"2016-01-20T09:02:50+00:00\",\"dateModified\":\"2022-08-19T14:02:32+00:00\",\"author\":{\"@id\":\"https:\/\/kakadu.pl\/blog\/#\/schema\/person\/0bbaeb6e706528b8d0aef0460492edcd\"},\"description\":\"\\\"Zwierz\u0119ta te\u017c czuj\u0105 b\u00f3l. Nie pozw\u00f3l, by cierpia\u0142y\\\" - kampania spo\u0142eczna \ud83d\udc31 Sprawd\u017a informacje oraz wiedz\u0119, kt\u00f3r\u0105 dziel\u0105 si\u0119 specjali\u015bci Kakadu \ud83d\udc36\",\"breadcrumb\":{\"@id\":\"https:\/\/kakadu.pl\/blog\/zwierzeta-tez-czuja-bol-nie-pozwol-by-cierpialy-kampania-spoleczna\/#breadcrumb\"},\"inLanguage\":\"pl-PL\",\"potentialAction\":[{\"@type\":\"ReadAction\",\"target\":[\"https:\/\/kakadu.pl\/blog\/zwierzeta-tez-czuja-bol-nie-pozwol-by-cierpialy-kampania-spoleczna\/\"]}]},{\"@type\":\"ImageObject\",\"inLanguage\":\"pl-PL\",\"@id\":\"https:\/\/kakadu.pl\/blog\/zwierzeta-tez-czuja-bol-nie-pozwol-by-cierpialy-kampania-spoleczna\/#primaryimage\",\"url\":\"https:\/\/kakadu.pl\/blog\/wp-content\/uploads\/2016\/01\/Kakadupl.jpg\",\"contentUrl\":\"https:\/\/kakadu.pl\/blog\/wp-content\/uploads\/2016\/01\/Kakadupl.jpg\",\"width\":940,\"height\":580},{\"@type\":\"BreadcrumbList\",\"@id\":\"https:\/\/kakadu.pl\/blog\/zwierzeta-tez-czuja-bol-nie-pozwol-by-cierpialy-kampania-spoleczna\/#breadcrumb\",\"itemListElement\":[{\"@type\":\"ListItem\",\"position\":1,\"name\":\"Blog\",\"item\":\"https:\/\/kakadu.pl\/blog\/\"},{\"@type\":\"ListItem\",\"position\":2,\"name\":\"Aktualno\u015bci\",\"item\":\"https:\/\/kakadu.pl\/blog\/category\/aktualnosci\/\"},{\"@type\":\"ListItem\",\"position\":3,\"name\":\"Wydarzenia w Kakadu\",\"item\":\"https:\/\/kakadu.pl\/blog\/category\/aktualnosci\/wydarzenia-w-kakadu\/\"},{\"@type\":\"ListItem\",\"position\":4,\"name\":\"\\\"Zwierz\u0119ta te\u017c czuj\u0105 b\u00f3l. Nie pozw\u00f3l, by cierpia\u0142y\\\" - kampania spo\u0142eczna\"}]},{\"@type\":\"WebSite\",\"@id\":\"https:\/\/kakadu.pl\/blog\/#website\",\"url\":\"https:\/\/kakadu.pl\/blog\/\",\"name\":\"Sie\u0107 sklep\u00f3w zoologicznych Kakadu\",\"description\":\"Profesjonalna sie\u0107 sklep\u00f3w zoologicznych\",\"potentialAction\":[{\"@type\":\"SearchAction\",\"target\":{\"@type\":\"EntryPoint\",\"urlTemplate\":\"https:\/\/kakadu.pl\/blog\/?s={search_term_string}\"},\"query-input\":\"required name=search_term_string\"}],\"inLanguage\":\"pl-PL\"},{\"@type\":\"Person\",\"@id\":\"https:\/\/kakadu.pl\/blog\/#\/schema\/person\/0bbaeb6e706528b8d0aef0460492edcd\",\"name\":\"Kakadu Zoo\",\"image\":{\"@type\":\"ImageObject\",\"inLanguage\":\"pl-PL\",\"@id\":\"https:\/\/kakadu.pl\/blog\/#\/schema\/person\/image\/\",\"url\":\"https:\/\/secure.gravatar.com\/avatar\/e1015db43c1d79b7a169f4ecf71cbc47?s=96&d=mm&r=g\",\"contentUrl\":\"https:\/\/secure.gravatar.com\/avatar\/e1015db43c1d79b7a169f4ecf71cbc47?s=96&d=mm&r=g\",\"caption\":\"Kakadu Zoo\"},\"description\":\"Sie\u0107 sklep\u00f3w zoologicznych, kt\u00f3ra powsta\u0142a w 1999 roku. Posiada sklepy stacjonarne oraz internetowy.\",\"url\":\"https:\/\/kakadu.pl\/blog\/author\/kakadu\/\"}]}<\/script>\n<!-- \/ Yoast SEO plugin. -->","yoast_head_json":{"title":"\"Zwierz\u0119ta te\u017c czuj\u0105 b\u00f3l. Nie pozw\u00f3l, by cierpia\u0142y\" - kampania spo\u0142eczna | \ud83d\udc36 Blog Kakadu ZOO","description":"\"Zwierz\u0119ta te\u017c czuj\u0105 b\u00f3l. Nie pozw\u00f3l, by cierpia\u0142y\" - kampania spo\u0142eczna \ud83d\udc31 Sprawd\u017a informacje oraz wiedz\u0119, kt\u00f3r\u0105 dziel\u0105 si\u0119 specjali\u015bci Kakadu \ud83d\udc36","robots":{"index":"index","follow":"follow","max-snippet":"max-snippet:-1","max-image-preview":"max-image-preview:large","max-video-preview":"max-video-preview:-1"},"canonical":"https:\/\/kakadu.pl\/blog\/zwierzeta-tez-czuja-bol-nie-pozwol-by-cierpialy-kampania-spoleczna\/","og_locale":"pl_PL","og_type":"article","og_title":"\"Zwierz\u0119ta te\u017c czuj\u0105 b\u00f3l. Nie pozw\u00f3l, by cierpia\u0142y\" - kampania spo\u0142eczna | \ud83d\udc36 Blog Kakadu ZOO","og_description":"\"Zwierz\u0119ta te\u017c czuj\u0105 b\u00f3l. Nie pozw\u00f3l, by cierpia\u0142y\" - kampania spo\u0142eczna \ud83d\udc31 Sprawd\u017a informacje oraz wiedz\u0119, kt\u00f3r\u0105 dziel\u0105 si\u0119 specjali\u015bci Kakadu \ud83d\udc36","og_url":"https:\/\/kakadu.pl\/blog\/zwierzeta-tez-czuja-bol-nie-pozwol-by-cierpialy-kampania-spoleczna\/","og_site_name":"Sie\u0107 sklep\u00f3w zoologicznych Kakadu","article_published_time":"2016-01-20T09:02:50+00:00","article_modified_time":"2022-08-19T14:02:32+00:00","og_image":[{"width":940,"height":580,"url":"https:\/\/kakadu.pl\/blog\/wp-content\/uploads\/2016\/01\/Kakadupl.jpg","type":"image\/jpeg"}],"author":"Kakadu Zoo","twitter_card":"summary_large_image","twitter_misc":{"Napisane przez":"Kakadu Zoo","Szacowany czas czytania":"7 minut"},"schema":{"@context":"https:\/\/schema.org","@graph":[{"@type":"WebPage","@id":"https:\/\/kakadu.pl\/blog\/zwierzeta-tez-czuja-bol-nie-pozwol-by-cierpialy-kampania-spoleczna\/","url":"https:\/\/kakadu.pl\/blog\/zwierzeta-tez-czuja-bol-nie-pozwol-by-cierpialy-kampania-spoleczna\/","name":"\"Zwierz\u0119ta te\u017c czuj\u0105 b\u00f3l. Nie pozw\u00f3l, by cierpia\u0142y\" - kampania spo\u0142eczna | \ud83d\udc36 Blog Kakadu ZOO","isPartOf":{"@id":"https:\/\/kakadu.pl\/blog\/#website"},"primaryImageOfPage":{"@id":"https:\/\/kakadu.pl\/blog\/zwierzeta-tez-czuja-bol-nie-pozwol-by-cierpialy-kampania-spoleczna\/#primaryimage"},"image":{"@id":"https:\/\/kakadu.pl\/blog\/zwierzeta-tez-czuja-bol-nie-pozwol-by-cierpialy-kampania-spoleczna\/#primaryimage"},"thumbnailUrl":"https:\/\/kakadu.pl\/blog\/wp-content\/uploads\/2016\/01\/Kakadupl.jpg","datePublished":"2016-01-20T09:02:50+00:00","dateModified":"2022-08-19T14:02:32+00:00","author":{"@id":"https:\/\/kakadu.pl\/blog\/#\/schema\/person\/0bbaeb6e706528b8d0aef0460492edcd"},"description":"\"Zwierz\u0119ta te\u017c czuj\u0105 b\u00f3l. Nie pozw\u00f3l, by cierpia\u0142y\" - kampania spo\u0142eczna \ud83d\udc31 Sprawd\u017a informacje oraz wiedz\u0119, kt\u00f3r\u0105 dziel\u0105 si\u0119 specjali\u015bci Kakadu \ud83d\udc36","breadcrumb":{"@id":"https:\/\/kakadu.pl\/blog\/zwierzeta-tez-czuja-bol-nie-pozwol-by-cierpialy-kampania-spoleczna\/#breadcrumb"},"inLanguage":"pl-PL","potentialAction":[{"@type":"ReadAction","target":["https:\/\/kakadu.pl\/blog\/zwierzeta-tez-czuja-bol-nie-pozwol-by-cierpialy-kampania-spoleczna\/"]}]},{"@type":"ImageObject","inLanguage":"pl-PL","@id":"https:\/\/kakadu.pl\/blog\/zwierzeta-tez-czuja-bol-nie-pozwol-by-cierpialy-kampania-spoleczna\/#primaryimage","url":"https:\/\/kakadu.pl\/blog\/wp-content\/uploads\/2016\/01\/Kakadupl.jpg","contentUrl":"https:\/\/kakadu.pl\/blog\/wp-content\/uploads\/2016\/01\/Kakadupl.jpg","width":940,"height":580},{"@type":"BreadcrumbList","@id":"https:\/\/kakadu.pl\/blog\/zwierzeta-tez-czuja-bol-nie-pozwol-by-cierpialy-kampania-spoleczna\/#breadcrumb","itemListElement":[{"@type":"ListItem","position":1,"name":"Blog","item":"https:\/\/kakadu.pl\/blog\/"},{"@type":"ListItem","position":2,"name":"Aktualno\u015bci","item":"https:\/\/kakadu.pl\/blog\/category\/aktualnosci\/"},{"@type":"ListItem","position":3,"name":"Wydarzenia w Kakadu","item":"https:\/\/kakadu.pl\/blog\/category\/aktualnosci\/wydarzenia-w-kakadu\/"},{"@type":"ListItem","position":4,"name":"\"Zwierz\u0119ta te\u017c czuj\u0105 b\u00f3l. Nie pozw\u00f3l, by cierpia\u0142y\" - kampania spo\u0142eczna"}]},{"@type":"WebSite","@id":"https:\/\/kakadu.pl\/blog\/#website","url":"https:\/\/kakadu.pl\/blog\/","name":"Sie\u0107 sklep\u00f3w zoologicznych Kakadu","description":"Profesjonalna sie\u0107 sklep\u00f3w zoologicznych","potentialAction":[{"@type":"SearchAction","target":{"@type":"EntryPoint","urlTemplate":"https:\/\/kakadu.pl\/blog\/?s={search_term_string}"},"query-input":"required name=search_term_string"}],"inLanguage":"pl-PL"},{"@type":"Person","@id":"https:\/\/kakadu.pl\/blog\/#\/schema\/person\/0bbaeb6e706528b8d0aef0460492edcd","name":"Kakadu Zoo","image":{"@type":"ImageObject","inLanguage":"pl-PL","@id":"https:\/\/kakadu.pl\/blog\/#\/schema\/person\/image\/","url":"https:\/\/secure.gravatar.com\/avatar\/e1015db43c1d79b7a169f4ecf71cbc47?s=96&d=mm&r=g","contentUrl":"https:\/\/secure.gravatar.com\/avatar\/e1015db43c1d79b7a169f4ecf71cbc47?s=96&d=mm&r=g","caption":"Kakadu Zoo"},"description":"Sie\u0107 sklep\u00f3w zoologicznych, kt\u00f3ra powsta\u0142a w 1999 roku. Posiada sklepy stacjonarne oraz internetowy.","url":"https:\/\/kakadu.pl\/blog\/author\/kakadu\/"}]}},"_links":{"self":[{"href":"https:\/\/kakadu.pl\/blog\/wp-json\/wp\/v2\/posts\/8063"}],"collection":[{"href":"https:\/\/kakadu.pl\/blog\/wp-json\/wp\/v2\/posts"}],"about":[{"href":"https:\/\/kakadu.pl\/blog\/wp-json\/wp\/v2\/types\/post"}],"author":[{"embeddable":true,"href":"https:\/\/kakadu.pl\/blog\/wp-json\/wp\/v2\/users\/1"}],"replies":[{"embeddable":true,"href":"https:\/\/kakadu.pl\/blog\/wp-json\/wp\/v2\/comments?post=8063"}],"version-history":[{"count":2,"href":"https:\/\/kakadu.pl\/blog\/wp-json\/wp\/v2\/posts\/8063\/revisions"}],"predecessor-version":[{"id":26846,"href":"https:\/\/kakadu.pl\/blog\/wp-json\/wp\/v2\/posts\/8063\/revisions\/26846"}],"wp:featuredmedia":[{"embeddable":true,"href":"https:\/\/kakadu.pl\/blog\/wp-json\/wp\/v2\/media\/8062"}],"wp:attachment":[{"href":"https:\/\/kakadu.pl\/blog\/wp-json\/wp\/v2\/media?parent=8063"}],"wp:term":[{"taxonomy":"category","embeddable":true,"href":"https:\/\/kakadu.pl\/blog\/wp-json\/wp\/v2\/categories?post=8063"},{"taxonomy":"post_tag","embeddable":true,"href":"https:\/\/kakadu.pl\/blog\/wp-json\/wp\/v2\/tags?post=8063"}],"curies":[{"name":"wp","href":"https:\/\/api.w.org\/{rel}","templated":true}]}}