{"id":16832,"date":"2018-05-21T10:11:51","date_gmt":"2018-05-21T08:11:51","guid":{"rendered":"https:\/\/blog.kakadu.pl\/wordpress\/?p=16832"},"modified":"2022-08-13T11:48:06","modified_gmt":"2022-08-13T09:48:06","slug":"czy-pies-ma-poczucie-czasu","status":"publish","type":"post","link":"https:\/\/kakadu.pl\/blog\/czy-pies-ma-poczucie-czasu\/","title":{"rendered":"Czy pies ma poczucie czasu?"},"content":{"rendered":"<p>Sprawa jest skomplikowana i chocia\u017c naukowcy przeprowadzili naprawd\u0119 sporo bada\u0144 w tej dziedzinie, zdania nadal s\u0105 podzielone. W internecie z pewno\u015bci\u0105 natkniemy si\u0119 na ten temat na wielu forach o psiakach. Znajdziemy gor\u0105cych zwolennik\u00f3w teorii, \u017ce <strong>psy maj\u0105 poczucie czasu<\/strong>, jak r\u00f3wnie\u017c przeciwnik\u00f3w tej teorii, twierdz\u0105cych, \u017ce nasi pupile dostosowuj\u0105 si\u0119 jedynie do naszego funkcjonowania na co dzie\u0144, a zatem tylko mechanicznie ucz\u0105 si\u0119 pewnych czynno\u015bci w okre\u015blonych momentach. W obu twierdzeniach jest sporo prawdy.<\/p>\n<h3>Rytm biologiczny psa<\/h3>\n<p>Ka\u017cda istota \u017cywa ma co\u015b takiego jak rytm biologiczny. Tego nie trzeba si\u0119 uczy\u0107, bo przychodzimy z rytmem biologicznym na \u015bwiat i mo\u017cemy go co najwy\u017cszej troch\u0119 modyfikowa\u0107 i dostosowywa\u0107 do sytuacji. Tak samo jest z psiakami. Maj\u0105 konkretne pory, kiedy jedz\u0105, \u015bpi\u0105, s\u0105 mniej lub bardziej aktywne. Wielu w\u0142a\u015bcicieli pisze, \u017ce ich futrzaste pociechy maj\u0105 ustalon\u0105 godzin\u0119 zasypiania i budzenia si\u0119. Nie znaj\u0105 si\u0119 przecie\u017c na zegarku, a jednak nigdy nie zmieniaj\u0105 tego rytmu i zawsze budz\u0105 si\u0119 i id\u0105 spa\u0107 na czas. Nie ma to oczywi\u015bcie nic wsp\u00f3lnego z odczytywaniem godziny. To wewn\u0119trzny rytm zwierzaka. Kiedy nast\u0119puje zmiana czasu z letniego na zimowy albo na odwr\u00f3t, nasz pupil pocz\u0105tkowo zapewne obudzi si\u0119 wed\u0142ug starego czasu i b\u0119dzie bardzo zdziwiony, \u017ce co\u015b si\u0119 zmieni\u0142o. Oczywi\u015bcie dosy\u0107 szybko dostosuje si\u0119 do nowej godziny, bo funkcjonuje z nami pod jednym dachem i bez problemu uczy si\u0119 ludzkich nawyk\u00f3w i porz\u0105dku dnia.<\/p>\n<h3>Ludzki rytm dnia \u2013 psi rytm dnia<\/h3>\n<p>Zwierz\u0119ta szybko si\u0119 ucz\u0105. Podpatruj\u0105, na\u015bladuj\u0105, dostosowuj\u0105 si\u0119. Jest im tak zwyczajnie wygodnie, bo w ten spos\u00f3b mog\u0105 \u017cy\u0107 mniej wi\u0119cej w tych samych porach, co w\u0142a\u015bciciel, a przecie\u017c nasze egzystowanie pod jednym dachem jest bardzo mocno po\u0142\u0105czone, zw\u0142aszcza w przypadku kud\u0142aczy. Wyprowadzamy je na spacery, karminy, bawimy si\u0119. Je\u017celi codziennie wstajemy do pracy o konkretnej godzinie, psiak tak\u017ce zacznie z nami wstawa\u0107, aby dosta\u0107 \u015bniadanie i wyj\u015b\u0107 na poranny spacer. Bardzo si\u0119 zdziwi, kiedy przyjdzie weekend i wstaniemy p\u00f3\u017aniej, zaburzaj\u0105c mu rytm. Wiele psiak\u00f3w nawet w dni wolne wstaje tak samo jak w tygodniu i cz\u0119sto budz\u0105 w\u0142a\u015bcicieli, bo wed\u0142ug nich przecie\u017c nadesz\u0142a ju\u017c pora. To samo dotyczy posi\u0142k\u00f3w. Pupil nie wie, kt\u00f3ra dok\u0142adnie godzina, ale nauczy\u0142 si\u0119, \u017ce w konkretnych okresach dnia dostaje co\u015b smakowitego do miski. Kud\u0142acze ucz\u0105 si\u0119 p\u00f3r spacer\u00f3w, wsp\u00f3lnej zabawy, wszystkiego. Ich pojmowanie czasu ma zatem charakter mocno sekwencyjny, rozci\u0105gaj\u0105cy si\u0119 od wydarzenia do wydarzenia. Psiak nie wie, ile dok\u0142adnie czasu min\u0119\u0142o, ale widzi nasze reakcje i wyci\u0105ga wnioski, \u017ce czas na spacer lub do miski. Podpowiada mu to r\u00f3wnie\u017c rytm biologiczny.<\/p>\n<h3>Poj\u0119cie czasu wed\u0142ug psa<\/h3>\n<p>Psiaki z pewno\u015bci\u0105 nie maj\u0105 takiego poczucia czasu, jak ludzie. Odr\u00f3\u017cniaj\u0105 jednak kr\u00f3tkie od d\u0142ugich okres\u00f3w, czego najlepszym dowodem jest \u017cywio\u0142owe i radosne witanie w\u0142a\u015bciciela po d\u0142ugiej nieobecno\u015bci w domu. Psiak zdecydowanie odr\u00f3\u017cnia kilka godzin nieobecno\u015bci, kiedy jeste\u015bmy w pracy, od kilku dni lub nawet tygodni, podczas kt\u00f3rych byli\u015bmy na przyk\u0142ad na urlopie. Z kolei r\u00f3\u017cnicy mi\u0119dzy dwoma, a pi\u0119cioma godzinami zapewne nie czuje, bo to zbyt kr\u00f3tki okres. Psiaka mo\u017cna jednak nauczy\u0107 odmierzania sekund, co sprawdzili naukowy, testuj\u0105c grup\u0119 kud\u0142aczy rasy beagle. Zwierzaki mia\u0142y wej\u015b\u0107 na platformy po up\u0142ywie dziewi\u0119\u0107dziesi\u0119ciu sekund i dosy\u0107 szybko radzi\u0142y sobie z poleceniem, cho\u0107 z pewno\u015bci\u0105 sekund jako takich nie liczy\u0142y. To pokaza\u0142o, \u017ce pupile maj\u0105 co\u015b w rodzaju przewidywania trwania danej chwili. Cho\u0107 brzmi to nieco nieprawdopodobnie, po prostu szacuj\u0105 i dzi\u0119ki temu bardziej czuj\u0105 ni\u017c wiedz\u0105, kiedy dana rzecz ma si\u0119 zdarzy\u0107. Nie rozumiej\u0105 ci\u0105g\u0142o\u015bci czasu jako takiej i nie analizuj\u0105 jego przemijania, a ju\u017c z pewno\u015bci\u0105 nie w kategoriach up\u0142ywaj\u0105cych minut, mog\u0105 jednak nauczy\u0107 si\u0119 odmierzy\u0107 fragment tego czasu, troch\u0119 na zasadzie cyrkowej sztuczki. \u201ePoliczenie\u201d sekund nie jest r\u00f3wnoznaczne z pojmowaniem poj\u0119cia czasu jako zjawiska.<\/p>\n<h3>Psi w\u0119ch a poczucie czasu<\/h3>\n<p>Psiaki maj\u0105 naprawd\u0119 nieprawdopodobny w\u0119ch i ten w\u0119ch czasem bardzo u\u0142atwia im poruszanie si\u0119 w naszym rytmie godzinowym. Przede wszystkim czuj\u0105 zapach w\u0142a\u015bciciela, kiedy ten zbli\u017ca si\u0119 do domu. Czuj\u0105 te\u017c, \u017ce zapach coraz bardziej si\u0119 ulatnia, kiedy d\u0142ugo nie ma nas w mieszkaniu. To w\u0142a\u015bnie z tego powodu lubi\u0105 tarmosi\u0107 nasze ubrania albo zabiera\u0107 buty \u2013 s\u0105 bowiem \u017ar\u00f3d\u0142em silnej woni w\u0142a\u015bciciela, a ona gwarantuje poczucie bezpiecze\u0144stwa. Dzi\u0119ki w\u0119chowi psiakom udaj\u0105 si\u0119 sztuczki, kt\u00f3re dla nas wygl\u0105daj\u0105 nieraz jak telepatia. Wiele psiak\u00f3w wie, \u017ce na przyk\u0142ad wracamy wcze\u015bniej z pracy. Teoria zapachowa wyja\u015bnia wiele spraw, ale oczywi\u015bcie nie wszystkie. By\u0107 mo\u017ce kud\u0142acze maj\u0105 swoje ma\u0142e tajemnice, je\u015bli chodzi o radzenie sobie z czasem i naukowcy jeszcze przez wiele lat b\u0119d\u0105 pr\u00f3bowali te sekrety zg\u0142\u0119bi\u0107.<\/p>\n<p style=\"text-align: center;\"><strong>\u2193 KARMY I AKCESORIA DLA PSA\u00a0\u2193<\/strong><\/p>\n<p><a href=\"https:\/\/kakadu.pl\/\"><img decoding=\"async\" loading=\"lazy\" class=\"alignnone size-full wp-image-6861\" src=\"https:\/\/kakadu.pl\/blog\/wp-content\/uploads\/2014\/05\/banerek-promocyjny-kakadu1.jpg\" alt=\"banerek-promocyjny-kakadu1\" width=\"940\" height=\"109\" \/><\/a><br \/>\n<iframe loading=\"lazy\" style=\"width: 100%; height: 705px;\" src=\"https:\/\/kakadu.pl\/adbox.php?id=428&amp;hash=9a89f4e36cb423ad32654c44d83aa855\" width=\"100%\" height=\"705\" frameborder=\"0\"><\/iframe><br \/>\nZdj\u0119cie: Fotolia.pl<\/p>\n","protected":false},"excerpt":{"rendered":"<p>Sprawa jest skomplikowana i chocia\u017c naukowcy przeprowadzili naprawd\u0119 sporo bada\u0144 w tej dziedzinie, zdania nadal s\u0105 podzielone. W internecie z pewno\u015bci\u0105 natkniemy si\u0119 na ten temat na wielu forach o...<\/p>\n","protected":false},"author":11,"featured_media":16833,"comment_status":"open","ping_status":"open","sticky":false,"template":"","format":"standard","meta":{"inline_featured_image":false,"footnotes":""},"categories":[6,4],"tags":[],"yoast_head":"<!-- This site is optimized with the Yoast SEO plugin v22.4 - https:\/\/yoast.com\/wordpress\/plugins\/seo\/ -->\n<title>Czy pies ma poczucie czasu? | \ud83d\udc36 Blog Kakadu ZOO<\/title>\n<meta name=\"description\" content=\"Czy pies ma poczucie czasu? \ud83d\udc31 Sprawd\u017a informacje oraz wiedz\u0119, kt\u00f3r\u0105 dziel\u0105 si\u0119 specjali\u015bci Kakadu \ud83d\udc36\" \/>\n<meta name=\"robots\" content=\"index, follow, max-snippet:-1, max-image-preview:large, max-video-preview:-1\" \/>\n<link rel=\"canonical\" href=\"https:\/\/kakadu.pl\/blog\/czy-pies-ma-poczucie-czasu\/\" \/>\n<meta property=\"og:locale\" content=\"pl_PL\" \/>\n<meta property=\"og:type\" content=\"article\" \/>\n<meta property=\"og:title\" content=\"Czy pies ma poczucie czasu? | \ud83d\udc36 Blog Kakadu ZOO\" \/>\n<meta property=\"og:description\" content=\"Czy pies ma poczucie czasu? \ud83d\udc31 Sprawd\u017a informacje oraz wiedz\u0119, kt\u00f3r\u0105 dziel\u0105 si\u0119 specjali\u015bci Kakadu \ud83d\udc36\" \/>\n<meta property=\"og:url\" content=\"https:\/\/kakadu.pl\/blog\/czy-pies-ma-poczucie-czasu\/\" \/>\n<meta property=\"og:site_name\" content=\"Sie\u0107 sklep\u00f3w zoologicznych Kakadu\" \/>\n<meta property=\"article:published_time\" content=\"2018-05-21T08:11:51+00:00\" \/>\n<meta property=\"article:modified_time\" content=\"2022-08-13T09:48:06+00:00\" \/>\n<meta property=\"og:image\" content=\"https:\/\/kakadu.pl\/blog\/wp-content\/uploads\/2018\/05\/czy-pies-ma-poczucie-czasu.jpg\" \/>\n\t<meta property=\"og:image:width\" content=\"940\" \/>\n\t<meta property=\"og:image:height\" content=\"580\" \/>\n\t<meta property=\"og:image:type\" content=\"image\/jpeg\" \/>\n<meta name=\"author\" content=\"Magdalena Dolata\" \/>\n<meta name=\"twitter:card\" content=\"summary_large_image\" \/>\n<meta name=\"twitter:label1\" content=\"Napisane przez\" \/>\n\t<meta name=\"twitter:data1\" content=\"Magdalena Dolata\" \/>\n\t<meta name=\"twitter:label2\" content=\"Szacowany czas czytania\" \/>\n\t<meta name=\"twitter:data2\" content=\"4 minuty\" \/>\n<script type=\"application\/ld+json\" class=\"yoast-schema-graph\">{\"@context\":\"https:\/\/schema.org\",\"@graph\":[{\"@type\":\"WebPage\",\"@id\":\"https:\/\/kakadu.pl\/blog\/czy-pies-ma-poczucie-czasu\/\",\"url\":\"https:\/\/kakadu.pl\/blog\/czy-pies-ma-poczucie-czasu\/\",\"name\":\"Czy pies ma poczucie czasu? | \ud83d\udc36 Blog Kakadu ZOO\",\"isPartOf\":{\"@id\":\"https:\/\/kakadu.pl\/blog\/#website\"},\"primaryImageOfPage\":{\"@id\":\"https:\/\/kakadu.pl\/blog\/czy-pies-ma-poczucie-czasu\/#primaryimage\"},\"image\":{\"@id\":\"https:\/\/kakadu.pl\/blog\/czy-pies-ma-poczucie-czasu\/#primaryimage\"},\"thumbnailUrl\":\"https:\/\/kakadu.pl\/blog\/wp-content\/uploads\/2018\/05\/czy-pies-ma-poczucie-czasu.jpg\",\"datePublished\":\"2018-05-21T08:11:51+00:00\",\"dateModified\":\"2022-08-13T09:48:06+00:00\",\"author\":{\"@id\":\"https:\/\/kakadu.pl\/blog\/#\/schema\/person\/8cf37179458b832a00f8d1db936c4a2b\"},\"description\":\"Czy pies ma poczucie czasu? \ud83d\udc31 Sprawd\u017a informacje oraz wiedz\u0119, kt\u00f3r\u0105 dziel\u0105 si\u0119 specjali\u015bci Kakadu \ud83d\udc36\",\"breadcrumb\":{\"@id\":\"https:\/\/kakadu.pl\/blog\/czy-pies-ma-poczucie-czasu\/#breadcrumb\"},\"inLanguage\":\"pl-PL\",\"potentialAction\":[{\"@type\":\"ReadAction\",\"target\":[\"https:\/\/kakadu.pl\/blog\/czy-pies-ma-poczucie-czasu\/\"]}]},{\"@type\":\"ImageObject\",\"inLanguage\":\"pl-PL\",\"@id\":\"https:\/\/kakadu.pl\/blog\/czy-pies-ma-poczucie-czasu\/#primaryimage\",\"url\":\"https:\/\/kakadu.pl\/blog\/wp-content\/uploads\/2018\/05\/czy-pies-ma-poczucie-czasu.jpg\",\"contentUrl\":\"https:\/\/kakadu.pl\/blog\/wp-content\/uploads\/2018\/05\/czy-pies-ma-poczucie-czasu.jpg\",\"width\":940,\"height\":580,\"caption\":\"czy pies ma poczucie czasu\"},{\"@type\":\"BreadcrumbList\",\"@id\":\"https:\/\/kakadu.pl\/blog\/czy-pies-ma-poczucie-czasu\/#breadcrumb\",\"itemListElement\":[{\"@type\":\"ListItem\",\"position\":1,\"name\":\"Blog\",\"item\":\"https:\/\/kakadu.pl\/blog\/\"},{\"@type\":\"ListItem\",\"position\":2,\"name\":\"Psy\",\"item\":\"https:\/\/kakadu.pl\/blog\/category\/psy\/\"},{\"@type\":\"ListItem\",\"position\":3,\"name\":\"O psach\",\"item\":\"https:\/\/kakadu.pl\/blog\/category\/psy\/o-psach\/\"},{\"@type\":\"ListItem\",\"position\":4,\"name\":\"Czy pies ma poczucie czasu?\"}]},{\"@type\":\"WebSite\",\"@id\":\"https:\/\/kakadu.pl\/blog\/#website\",\"url\":\"https:\/\/kakadu.pl\/blog\/\",\"name\":\"Sie\u0107 sklep\u00f3w zoologicznych Kakadu\",\"description\":\"Profesjonalna sie\u0107 sklep\u00f3w zoologicznych\",\"potentialAction\":[{\"@type\":\"SearchAction\",\"target\":{\"@type\":\"EntryPoint\",\"urlTemplate\":\"https:\/\/kakadu.pl\/blog\/?s={search_term_string}\"},\"query-input\":\"required name=search_term_string\"}],\"inLanguage\":\"pl-PL\"},{\"@type\":\"Person\",\"@id\":\"https:\/\/kakadu.pl\/blog\/#\/schema\/person\/8cf37179458b832a00f8d1db936c4a2b\",\"name\":\"Magdalena Dolata\",\"image\":{\"@type\":\"ImageObject\",\"inLanguage\":\"pl-PL\",\"@id\":\"https:\/\/kakadu.pl\/blog\/#\/schema\/person\/image\/\",\"url\":\"https:\/\/secure.gravatar.com\/avatar\/08108a15c8bdcb1471e61e93f580863d?s=96&d=mm&r=g\",\"contentUrl\":\"https:\/\/secure.gravatar.com\/avatar\/08108a15c8bdcb1471e61e93f580863d?s=96&d=mm&r=g\",\"caption\":\"Magdalena Dolata\"},\"description\":\"Absolwentka studi\u00f3w polonistycznych na Uniwersytecie Warszawskim i uczennica szko\u0142y filmowej na specjalno\u015bci re\u017cyseria i scenopisarstwo. Od dzieci\u0144stwa w towarzystwie zwierz\u0105t: kota, \u015bwinki morskiej, rybek. Karmi regularnie wrony pod domem, a sw\u00f3j balkon zamieni\u0142a w hotel dla sikorek. Dla wszelkiej ma\u015bci kot\u00f3w zrobi wszystko. Z czystego zami\u0142owania pisa\u0142a nawet matur\u0119 rozszerzon\u0105 z biologii.\",\"url\":\"https:\/\/kakadu.pl\/blog\/author\/magdalena-dolata\/\"}]}<\/script>\n<!-- \/ Yoast SEO plugin. -->","yoast_head_json":{"title":"Czy pies ma poczucie czasu? | \ud83d\udc36 Blog Kakadu ZOO","description":"Czy pies ma poczucie czasu? \ud83d\udc31 Sprawd\u017a informacje oraz wiedz\u0119, kt\u00f3r\u0105 dziel\u0105 si\u0119 specjali\u015bci Kakadu \ud83d\udc36","robots":{"index":"index","follow":"follow","max-snippet":"max-snippet:-1","max-image-preview":"max-image-preview:large","max-video-preview":"max-video-preview:-1"},"canonical":"https:\/\/kakadu.pl\/blog\/czy-pies-ma-poczucie-czasu\/","og_locale":"pl_PL","og_type":"article","og_title":"Czy pies ma poczucie czasu? | \ud83d\udc36 Blog Kakadu ZOO","og_description":"Czy pies ma poczucie czasu? \ud83d\udc31 Sprawd\u017a informacje oraz wiedz\u0119, kt\u00f3r\u0105 dziel\u0105 si\u0119 specjali\u015bci Kakadu \ud83d\udc36","og_url":"https:\/\/kakadu.pl\/blog\/czy-pies-ma-poczucie-czasu\/","og_site_name":"Sie\u0107 sklep\u00f3w zoologicznych Kakadu","article_published_time":"2018-05-21T08:11:51+00:00","article_modified_time":"2022-08-13T09:48:06+00:00","og_image":[{"width":940,"height":580,"url":"https:\/\/kakadu.pl\/blog\/wp-content\/uploads\/2018\/05\/czy-pies-ma-poczucie-czasu.jpg","type":"image\/jpeg"}],"author":"Magdalena Dolata","twitter_card":"summary_large_image","twitter_misc":{"Napisane przez":"Magdalena Dolata","Szacowany czas czytania":"4 minuty"},"schema":{"@context":"https:\/\/schema.org","@graph":[{"@type":"WebPage","@id":"https:\/\/kakadu.pl\/blog\/czy-pies-ma-poczucie-czasu\/","url":"https:\/\/kakadu.pl\/blog\/czy-pies-ma-poczucie-czasu\/","name":"Czy pies ma poczucie czasu? | \ud83d\udc36 Blog Kakadu ZOO","isPartOf":{"@id":"https:\/\/kakadu.pl\/blog\/#website"},"primaryImageOfPage":{"@id":"https:\/\/kakadu.pl\/blog\/czy-pies-ma-poczucie-czasu\/#primaryimage"},"image":{"@id":"https:\/\/kakadu.pl\/blog\/czy-pies-ma-poczucie-czasu\/#primaryimage"},"thumbnailUrl":"https:\/\/kakadu.pl\/blog\/wp-content\/uploads\/2018\/05\/czy-pies-ma-poczucie-czasu.jpg","datePublished":"2018-05-21T08:11:51+00:00","dateModified":"2022-08-13T09:48:06+00:00","author":{"@id":"https:\/\/kakadu.pl\/blog\/#\/schema\/person\/8cf37179458b832a00f8d1db936c4a2b"},"description":"Czy pies ma poczucie czasu? \ud83d\udc31 Sprawd\u017a informacje oraz wiedz\u0119, kt\u00f3r\u0105 dziel\u0105 si\u0119 specjali\u015bci Kakadu \ud83d\udc36","breadcrumb":{"@id":"https:\/\/kakadu.pl\/blog\/czy-pies-ma-poczucie-czasu\/#breadcrumb"},"inLanguage":"pl-PL","potentialAction":[{"@type":"ReadAction","target":["https:\/\/kakadu.pl\/blog\/czy-pies-ma-poczucie-czasu\/"]}]},{"@type":"ImageObject","inLanguage":"pl-PL","@id":"https:\/\/kakadu.pl\/blog\/czy-pies-ma-poczucie-czasu\/#primaryimage","url":"https:\/\/kakadu.pl\/blog\/wp-content\/uploads\/2018\/05\/czy-pies-ma-poczucie-czasu.jpg","contentUrl":"https:\/\/kakadu.pl\/blog\/wp-content\/uploads\/2018\/05\/czy-pies-ma-poczucie-czasu.jpg","width":940,"height":580,"caption":"czy pies ma poczucie czasu"},{"@type":"BreadcrumbList","@id":"https:\/\/kakadu.pl\/blog\/czy-pies-ma-poczucie-czasu\/#breadcrumb","itemListElement":[{"@type":"ListItem","position":1,"name":"Blog","item":"https:\/\/kakadu.pl\/blog\/"},{"@type":"ListItem","position":2,"name":"Psy","item":"https:\/\/kakadu.pl\/blog\/category\/psy\/"},{"@type":"ListItem","position":3,"name":"O psach","item":"https:\/\/kakadu.pl\/blog\/category\/psy\/o-psach\/"},{"@type":"ListItem","position":4,"name":"Czy pies ma poczucie czasu?"}]},{"@type":"WebSite","@id":"https:\/\/kakadu.pl\/blog\/#website","url":"https:\/\/kakadu.pl\/blog\/","name":"Sie\u0107 sklep\u00f3w zoologicznych Kakadu","description":"Profesjonalna sie\u0107 sklep\u00f3w zoologicznych","potentialAction":[{"@type":"SearchAction","target":{"@type":"EntryPoint","urlTemplate":"https:\/\/kakadu.pl\/blog\/?s={search_term_string}"},"query-input":"required name=search_term_string"}],"inLanguage":"pl-PL"},{"@type":"Person","@id":"https:\/\/kakadu.pl\/blog\/#\/schema\/person\/8cf37179458b832a00f8d1db936c4a2b","name":"Magdalena Dolata","image":{"@type":"ImageObject","inLanguage":"pl-PL","@id":"https:\/\/kakadu.pl\/blog\/#\/schema\/person\/image\/","url":"https:\/\/secure.gravatar.com\/avatar\/08108a15c8bdcb1471e61e93f580863d?s=96&d=mm&r=g","contentUrl":"https:\/\/secure.gravatar.com\/avatar\/08108a15c8bdcb1471e61e93f580863d?s=96&d=mm&r=g","caption":"Magdalena Dolata"},"description":"Absolwentka studi\u00f3w polonistycznych na Uniwersytecie Warszawskim i uczennica szko\u0142y filmowej na specjalno\u015bci re\u017cyseria i scenopisarstwo. Od dzieci\u0144stwa w towarzystwie zwierz\u0105t: kota, \u015bwinki morskiej, rybek. Karmi regularnie wrony pod domem, a sw\u00f3j balkon zamieni\u0142a w hotel dla sikorek. Dla wszelkiej ma\u015bci kot\u00f3w zrobi wszystko. Z czystego zami\u0142owania pisa\u0142a nawet matur\u0119 rozszerzon\u0105 z biologii.","url":"https:\/\/kakadu.pl\/blog\/author\/magdalena-dolata\/"}]}},"_links":{"self":[{"href":"https:\/\/kakadu.pl\/blog\/wp-json\/wp\/v2\/posts\/16832"}],"collection":[{"href":"https:\/\/kakadu.pl\/blog\/wp-json\/wp\/v2\/posts"}],"about":[{"href":"https:\/\/kakadu.pl\/blog\/wp-json\/wp\/v2\/types\/post"}],"author":[{"embeddable":true,"href":"https:\/\/kakadu.pl\/blog\/wp-json\/wp\/v2\/users\/11"}],"replies":[{"embeddable":true,"href":"https:\/\/kakadu.pl\/blog\/wp-json\/wp\/v2\/comments?post=16832"}],"version-history":[{"count":0,"href":"https:\/\/kakadu.pl\/blog\/wp-json\/wp\/v2\/posts\/16832\/revisions"}],"wp:featuredmedia":[{"embeddable":true,"href":"https:\/\/kakadu.pl\/blog\/wp-json\/wp\/v2\/media\/16833"}],"wp:attachment":[{"href":"https:\/\/kakadu.pl\/blog\/wp-json\/wp\/v2\/media?parent=16832"}],"wp:term":[{"taxonomy":"category","embeddable":true,"href":"https:\/\/kakadu.pl\/blog\/wp-json\/wp\/v2\/categories?post=16832"},{"taxonomy":"post_tag","embeddable":true,"href":"https:\/\/kakadu.pl\/blog\/wp-json\/wp\/v2\/tags?post=16832"}],"curies":[{"name":"wp","href":"https:\/\/api.w.org\/{rel}","templated":true}]}}