{"id":15057,"date":"2017-11-15T10:55:53","date_gmt":"2017-11-15T09:55:53","guid":{"rendered":"https:\/\/blog.kakadu.pl\/wordpress\/?p=15057"},"modified":"2022-08-19T16:10:16","modified_gmt":"2022-08-19T14:10:16","slug":"jesienny-spacer-z-psem","status":"publish","type":"post","link":"https:\/\/kakadu.pl\/blog\/jesienny-spacer-z-psem\/","title":{"rendered":"Jesienny spacer z psem"},"content":{"rendered":"<p>Jesie\u0144 jest wr\u0119cz wymarzon\u0105 por\u0105 roku na przyjemne wsp\u00f3lne spacery. Letnie upa\u0142y wielu psiakom mocno daj\u0105 si\u0119 we znaki. U schy\u0142ku roku liczy\u0107 mo\u017cemy za\u015b nie tylko na rze\u015bkie, \u015bwie\u017ce powietrze, ale i na pi\u0119knie nisko \u015bwiec\u0105ce s\u0142o\u0144ce oraz na bajecznie kolorowe li\u015bcie. Wybieraj\u0105c si\u0119 z czworonogiem na jesienn\u0105 przechadzk\u0119, pami\u0119tajmy jednak o paru wa\u017cnych kwestiach.<\/p>\n<h3>Nie daj si\u0119 zaskoczy\u0107 zmrokowi<\/h3>\n<p>Jesieni\u0105 coraz wcze\u015bniej robi si\u0119 ciemno. Tu\u017c przed nadej\u015bciem zimy dni s\u0105 naprawd\u0119 kr\u00f3tkie, a s\u0142o\u0144ce chowa si\u0119 za horyzontem ju\u017c przed godzin\u0105 16.00. Przechadzki wieczorow\u0105 por\u0105 mog\u0105 by\u0107 r\u00f3wnie przyjemne, jak te, kt\u00f3re odbywamy o poranku. Je\u015bli w pe\u0142ni chcemy zadba\u0107 jednak o bezpiecze\u0144stwo, nie powinni\u015bmy zapomnie\u0107 o odblaskach. W akcesoria takie, szczeg\u00f3lnie w\u00f3wczas, gdy przemierzamy boczne drogi czy s\u0142abo o\u015bwietlone parkowe alejki wyposa\u017cy\u0107 powinni\u015bmy zar\u00f3wno siebie, jak i psiaka. W przypadku naszego czworono\u017cnego towarzysza zupe\u0142nym minimum jest <strong>odblaskowa smycz<\/strong> i obro\u017ca. Takie po\u0142\u0105czenie sprawi, \u017ce zwierzak b\u0119dzie dobrze widoczny, a przemierzaj\u0105cy \u015bcie\u017cki biegacze oraz rowerzy\u015bci w por\u0119 zauwa\u017c\u0105, \u017ce jest on na smyczy. Dodatkowo te dwa spacerowe akcesoria wychodz\u0105c z psiakiem, zawsze mamy przy sobie. Zmrok z pewno\u015bci\u0105 nas wi\u0119c nie zaskoczy.<\/p>\n<div>\n<p><a href=\"https:\/\/kakadu.pl\/70-zawieszki-odblaskowe\/\/\">https:\/\/kakadu.pl\/70-zawieszki-odblaskowe\/\/<\/a><\/p>\n<\/div>\n<h3 style=\"text-align: left\">Uwa\u017caj na grzyby!<\/h3>\n<p style=\"text-align: left\">Jesienn\u0105 por\u0105 to w\u0142a\u015bnie las cz\u0119sto bywa jednym z ulubionych miejsc spacerowych. Zw\u0142aszcza w wolny weekend to przestrze\u0144 wr\u0119cz wymarzona na przyjemn\u0105 d\u0142u\u017csz\u0105 przechadzk\u0119. O tej porze roku las z pewno\u015bci\u0105 zar\u00f3wno nam, jak i czworono\u017cnym pupilom przypadnie do gustu. Warto pami\u0119ta\u0107 jednak o tym, \u017ce niekt\u00f3re jesienne przysmaki z le\u015bnego runa dla naszego milusi\u0144skiego mog\u0105 okaza\u0107 si\u0119 niebezpieczne. Psiaki ch\u0119tnie podjadaj\u0105ce przypadkiem znalezione specja\u0142y, miejmy na oku. Grzybobranie z czworono\u017cnym towarzyszem mo\u017ce by\u0107 dobrym pomys\u0142em, niesfornego zwierzaka we\u017amy jednak na smycz i za\u0142\u00f3\u017cmy mu<a href=\"https:\/\/kakadu.pl\/55-kaganiec-dla-psa\/\" target=\"_blank\" rel=\"noopener\"> <strong>kaganiec\u00a0\u00bb<\/strong><\/a> uniemo\u017cliwiaj\u0105cy podjadanie.<\/p>\n<h3 style=\"text-align: left\">Zafunduj psu ciep\u0142e okrycie<\/h3>\n<p style=\"text-align: left\">D\u0142ugi jesienny spacer z psem szczeg\u00f3lnie w listopadzie mo\u017ce nieco wych\u0142odzi\u0107 naszego czworonoga. Gdy na zewn\u0105trz robi\u0107 zaczyna si\u0119 coraz ch\u0142odniej, sami wk\u0142adamy kurtki, a nawet r\u0119kawiczki i czapki. Cho\u0107 wiele os\u00f3b wci\u0105\u017c to dziwi, w zi\u0105b r\u00f3wnie\u017c niekt\u00f3rzy nasi milusi\u0144scy zas\u0142uguj\u0105 na ciep\u0142e ubranie. Nie wszystkie psiaki w pe\u0142ni dostosowane s\u0105 do naszej strefy klimatycznej. Te, kt\u00f3re posiadaj\u0105 grube futra, z regu\u0142y m\u0119cz\u0105 si\u0119 latem. Ich pozbawieni podszerstka i porz\u0105dnej w\u0142osowej okrywy kuzyni kiepsko znosz\u0105 z kolei jesie\u0144 i zim\u0119. W takim wypadku zale\u017cnie od warunk\u00f3w atmosferycznych na grzbiet zwierzaka warto naci\u0105gn\u0105\u0107 sweter, kurtk\u0119, p\u0142aszcz b\u0105d\u017a przeciwdeszczow\u0105 peleryn\u0119 (poczytaj wi\u0119cej o ubrankach dla psa <a href=\"https:\/\/kakadu.pl\/62-ubranka-dla-psow\" target=\"_blank\" rel=\"noopener\"><strong>KLIK<\/strong><\/a>).<\/p>\n<p style=\"text-align: center\"><strong>\u2193 UBRANKA DLA PSA\u00a0\u2193<\/strong><\/p>\n<h3>Jesienne alergie wcale nie s\u0105 rzadko\u015bci\u0105<\/h3>\n<p>Nie jest tajemnic\u0105, \u017ce r\u00f3wnie\u017c psiaki coraz cz\u0119\u015bciej cierpi\u0105 na alergie. U tych czworonog\u00f3w r\u00f3\u017cne czynniki mog\u0105 wywo\u0142ywa\u0107 uczulenie. W kwestii pylenia drzew i traw jesie\u0144 dla naszych milusi\u0144skich nie jest ju\u017c a\u017c tak gro\u017ana. O tej porze roku w powietrzu dla odmiany nie brak jednak py\u0142k\u00f3w zi\u00f3\u0142 oraz zarodnik\u00f3w grzyb\u00f3w i ple\u015bni. Je\u015bli wi\u0119c u pupila zauwa\u017cymy niepokoj\u0105ce zachowania, w tym m.in. nadmierne drapanie si\u0119, lizanie, wygryzanie sier\u015bci, zaczerwienienie b\u0105d\u017a \u0142zawienie oczu lub og\u00f3lne os\u0142abienie organizmu, od razu skonsultujmy si\u0119 z weterynarzem.<\/p>\n<p style=\"text-align: center\"><strong>\u2193 WITAMINY DLA PS\u00d3W\u00a0\u2193<\/strong><\/p>\n<h3>Wzmocnij psi\u0105 odporno\u015b\u0107<\/h3>\n<p>Jesienne ch\u0142ody bywaj\u0105 m\u0119cz\u0105ce nie tylko dla nas, zmian\u0119 pogody intensywnie odczuwaj\u0105 r\u00f3wnie\u017c nasze domowe czworonogi. Psie futro p\u00f3\u017an\u0105 jesieni\u0105 zmienia sw\u0105 struktur\u0119, nieco zaokr\u0105glaj\u0105 si\u0119 r\u00f3wnie\u017c psie boczki. Organizm milusi\u0144skiego na przygotowanie si\u0119 do zimy po\u015bwi\u0119ca ca\u0142kiem sporo energii. Dlatego w\u0142a\u015bnie pod koniec roku szczeg\u00f3lnie pieczo\u0142owicie zadba\u0107 powinni\u015bmy o serwowan\u0105 psu diet\u0119. Nale\u017cycie zbilansowana <a href=\"https:\/\/kakadu.pl\/62-ubranka-dla-psow\" target=\"_blank\" rel=\"noopener\"><strong>karma dla psa\u00a0\u00bb<\/strong><\/a> w du\u017cej mierze za\u0142atwi spraw\u0119. Musi by\u0107 to jednak produkt naprawd\u0119 wysokiej jako\u015bci oraz dobrze dopasowany do indywidualnych wymaga\u0144 zwierzaka. Gdy b\u0119dzie to konieczne, w konsultacji z weterynarzem menu pupila wzbogaci\u0107 mo\u017cemy te\u017c o odpowiednie witaminowe suplementy.<\/p>\n<p style=\"text-align: center\"><strong>\u2193 ODBLASKOWE AKCESORIA DLA PSA\u00a0\u2193<\/strong><\/p>\n<p style=\"text-align: center\"><a href=\"https:\/\/kakadu.pl\/blog\/\"><img decoding=\"async\" loading=\"lazy\" class=\"alignnone size-full wp-image-6861\" src=\"https:\/\/kakadu.pl\/blog\/wp-content\/uploads\/2014\/05\/banerek-promocyjny-kakadu1.jpg\" alt=\"banerek-promocyjny-kakadu1\" width=\"940\" height=\"109\" \/><\/a><\/p>\n<p>Zdj\u0119cie: Fotolia.pl<\/p>\n","protected":false},"excerpt":{"rendered":"<p>Jesie\u0144 jest wr\u0119cz wymarzon\u0105 por\u0105 roku na przyjemne wsp\u00f3lne spacery. Letnie upa\u0142y wielu psiakom mocno daj\u0105 si\u0119 we znaki. U schy\u0142ku roku liczy\u0107 mo\u017cemy za\u015b nie tylko na rze\u015bkie, \u015bwie\u017ce...<\/p>\n","protected":false},"author":14,"featured_media":15060,"comment_status":"open","ping_status":"open","sticky":false,"template":"","format":"standard","meta":{"inline_featured_image":false,"footnotes":""},"categories":[9,4],"tags":[413,353,333,424],"yoast_head":"<!-- This site is optimized with the Yoast SEO plugin v22.4 - https:\/\/yoast.com\/wordpress\/plugins\/seo\/ -->\n<title>Jesienny spacer z psem | \ud83d\udc36 Blog Kakadu ZOO<\/title>\n<meta name=\"description\" content=\"Jesienny spacer z psem \ud83d\udc31 Sprawd\u017a informacje oraz wiedz\u0119, kt\u00f3r\u0105 dziel\u0105 si\u0119 specjali\u015bci Kakadu \ud83d\udc36\" \/>\n<meta name=\"robots\" content=\"index, follow, max-snippet:-1, max-image-preview:large, max-video-preview:-1\" \/>\n<link rel=\"canonical\" href=\"https:\/\/kakadu.pl\/blog\/jesienny-spacer-z-psem\/\" \/>\n<meta property=\"og:locale\" content=\"pl_PL\" \/>\n<meta property=\"og:type\" content=\"article\" \/>\n<meta property=\"og:title\" content=\"Jesienny spacer z psem | \ud83d\udc36 Blog Kakadu ZOO\" \/>\n<meta property=\"og:description\" content=\"Jesienny spacer z psem \ud83d\udc31 Sprawd\u017a informacje oraz wiedz\u0119, kt\u00f3r\u0105 dziel\u0105 si\u0119 specjali\u015bci Kakadu \ud83d\udc36\" \/>\n<meta property=\"og:url\" content=\"https:\/\/kakadu.pl\/blog\/jesienny-spacer-z-psem\/\" \/>\n<meta property=\"og:site_name\" content=\"Sie\u0107 sklep\u00f3w zoologicznych Kakadu\" \/>\n<meta property=\"article:published_time\" content=\"2017-11-15T09:55:53+00:00\" \/>\n<meta property=\"article:modified_time\" content=\"2022-08-19T14:10:16+00:00\" \/>\n<meta property=\"og:image\" content=\"https:\/\/kakadu.pl\/blog\/wp-content\/uploads\/2017\/11\/jesienny-spacer-z-psem.jpg\" \/>\n\t<meta property=\"og:image:width\" content=\"940\" \/>\n\t<meta property=\"og:image:height\" content=\"580\" \/>\n\t<meta property=\"og:image:type\" content=\"image\/jpeg\" \/>\n<meta name=\"author\" content=\"Ma\u0142gorzata Paszko\" \/>\n<meta name=\"twitter:card\" content=\"summary_large_image\" \/>\n<meta name=\"twitter:label1\" content=\"Napisane przez\" \/>\n\t<meta name=\"twitter:data1\" content=\"Ma\u0142gorzata Paszko\" \/>\n\t<meta name=\"twitter:label2\" content=\"Szacowany czas czytania\" \/>\n\t<meta name=\"twitter:data2\" content=\"4 minuty\" \/>\n<script type=\"application\/ld+json\" class=\"yoast-schema-graph\">{\"@context\":\"https:\/\/schema.org\",\"@graph\":[{\"@type\":\"WebPage\",\"@id\":\"https:\/\/kakadu.pl\/blog\/jesienny-spacer-z-psem\/\",\"url\":\"https:\/\/kakadu.pl\/blog\/jesienny-spacer-z-psem\/\",\"name\":\"Jesienny spacer z psem | \ud83d\udc36 Blog Kakadu ZOO\",\"isPartOf\":{\"@id\":\"https:\/\/kakadu.pl\/blog\/#website\"},\"primaryImageOfPage\":{\"@id\":\"https:\/\/kakadu.pl\/blog\/jesienny-spacer-z-psem\/#primaryimage\"},\"image\":{\"@id\":\"https:\/\/kakadu.pl\/blog\/jesienny-spacer-z-psem\/#primaryimage\"},\"thumbnailUrl\":\"https:\/\/kakadu.pl\/blog\/wp-content\/uploads\/2017\/11\/jesienny-spacer-z-psem.jpg\",\"datePublished\":\"2017-11-15T09:55:53+00:00\",\"dateModified\":\"2022-08-19T14:10:16+00:00\",\"author\":{\"@id\":\"https:\/\/kakadu.pl\/blog\/#\/schema\/person\/bc51c329e220732ca34fb8cb823a5f90\"},\"description\":\"Jesienny spacer z psem \ud83d\udc31 Sprawd\u017a informacje oraz wiedz\u0119, kt\u00f3r\u0105 dziel\u0105 si\u0119 specjali\u015bci Kakadu \ud83d\udc36\",\"breadcrumb\":{\"@id\":\"https:\/\/kakadu.pl\/blog\/jesienny-spacer-z-psem\/#breadcrumb\"},\"inLanguage\":\"pl-PL\",\"potentialAction\":[{\"@type\":\"ReadAction\",\"target\":[\"https:\/\/kakadu.pl\/blog\/jesienny-spacer-z-psem\/\"]}]},{\"@type\":\"ImageObject\",\"inLanguage\":\"pl-PL\",\"@id\":\"https:\/\/kakadu.pl\/blog\/jesienny-spacer-z-psem\/#primaryimage\",\"url\":\"https:\/\/kakadu.pl\/blog\/wp-content\/uploads\/2017\/11\/jesienny-spacer-z-psem.jpg\",\"contentUrl\":\"https:\/\/kakadu.pl\/blog\/wp-content\/uploads\/2017\/11\/jesienny-spacer-z-psem.jpg\",\"width\":940,\"height\":580},{\"@type\":\"BreadcrumbList\",\"@id\":\"https:\/\/kakadu.pl\/blog\/jesienny-spacer-z-psem\/#breadcrumb\",\"itemListElement\":[{\"@type\":\"ListItem\",\"position\":1,\"name\":\"Blog\",\"item\":\"https:\/\/kakadu.pl\/blog\/\"},{\"@type\":\"ListItem\",\"position\":2,\"name\":\"Psy\",\"item\":\"https:\/\/kakadu.pl\/blog\/category\/psy\/\"},{\"@type\":\"ListItem\",\"position\":3,\"name\":\"Artyku\u0142y dla ps\u00f3w\",\"item\":\"https:\/\/kakadu.pl\/blog\/category\/psy\/artykuly-dla-psow\/\"},{\"@type\":\"ListItem\",\"position\":4,\"name\":\"Jesienny spacer z psem\"}]},{\"@type\":\"WebSite\",\"@id\":\"https:\/\/kakadu.pl\/blog\/#website\",\"url\":\"https:\/\/kakadu.pl\/blog\/\",\"name\":\"Sie\u0107 sklep\u00f3w zoologicznych Kakadu\",\"description\":\"Profesjonalna sie\u0107 sklep\u00f3w zoologicznych\",\"potentialAction\":[{\"@type\":\"SearchAction\",\"target\":{\"@type\":\"EntryPoint\",\"urlTemplate\":\"https:\/\/kakadu.pl\/blog\/?s={search_term_string}\"},\"query-input\":\"required name=search_term_string\"}],\"inLanguage\":\"pl-PL\"},{\"@type\":\"Person\",\"@id\":\"https:\/\/kakadu.pl\/blog\/#\/schema\/person\/bc51c329e220732ca34fb8cb823a5f90\",\"name\":\"Ma\u0142gorzata Paszko\",\"image\":{\"@type\":\"ImageObject\",\"inLanguage\":\"pl-PL\",\"@id\":\"https:\/\/kakadu.pl\/blog\/#\/schema\/person\/image\/\",\"url\":\"https:\/\/secure.gravatar.com\/avatar\/55ec024fd4b73bbe35746f06940a0988?s=96&d=mm&r=g\",\"contentUrl\":\"https:\/\/secure.gravatar.com\/avatar\/55ec024fd4b73bbe35746f06940a0988?s=96&d=mm&r=g\",\"caption\":\"Ma\u0142gorzata Paszko\"},\"description\":\"Z wykszta\u0142cenia i zami\u0142owania etnolog i religioznawca, dodatkowo w\u0142\u00f3czykij, kt\u00f3ry najlepiej czuje si\u0119 z plecakiem na plecach, w drodze i z dala od wszelakich plan\u00f3w. Podr\u00f3\u017ce, te bliskie, do miejsc ukrytych tu\u017c za rogiem, jak i te wiod\u0105ce w nieco bardziej odleg\u0142e zak\u0105tki globu to ju\u017c prawdziwe uzale\u017cnienie. Je\u015bli na miejscu, to z ksi\u0105\u017ck\u0105 w r\u0119ku i na peryferiach, tam gdzie wielkomiejski zgie\u0142k nie dochodzi. W sferze marze\u0144 gospodarstwo zaszyte w dziczy i hodowla owiec, cho\u0107 w gr\u0119 wchodz\u0105 te\u017c po\u0142udniowoameryka\u0144skie alpaki. Z domowych ulubie\u0144c\u00f3w od lat niekwestionowanymi faworytami pozostaj\u0105 koty.\",\"url\":\"https:\/\/kakadu.pl\/blog\/author\/malgorzata-urbanowicz\/\"}]}<\/script>\n<!-- \/ Yoast SEO plugin. -->","yoast_head_json":{"title":"Jesienny spacer z psem | \ud83d\udc36 Blog Kakadu ZOO","description":"Jesienny spacer z psem \ud83d\udc31 Sprawd\u017a informacje oraz wiedz\u0119, kt\u00f3r\u0105 dziel\u0105 si\u0119 specjali\u015bci Kakadu \ud83d\udc36","robots":{"index":"index","follow":"follow","max-snippet":"max-snippet:-1","max-image-preview":"max-image-preview:large","max-video-preview":"max-video-preview:-1"},"canonical":"https:\/\/kakadu.pl\/blog\/jesienny-spacer-z-psem\/","og_locale":"pl_PL","og_type":"article","og_title":"Jesienny spacer z psem | \ud83d\udc36 Blog Kakadu ZOO","og_description":"Jesienny spacer z psem \ud83d\udc31 Sprawd\u017a informacje oraz wiedz\u0119, kt\u00f3r\u0105 dziel\u0105 si\u0119 specjali\u015bci Kakadu \ud83d\udc36","og_url":"https:\/\/kakadu.pl\/blog\/jesienny-spacer-z-psem\/","og_site_name":"Sie\u0107 sklep\u00f3w zoologicznych Kakadu","article_published_time":"2017-11-15T09:55:53+00:00","article_modified_time":"2022-08-19T14:10:16+00:00","og_image":[{"width":940,"height":580,"url":"https:\/\/kakadu.pl\/blog\/wp-content\/uploads\/2017\/11\/jesienny-spacer-z-psem.jpg","type":"image\/jpeg"}],"author":"Ma\u0142gorzata Paszko","twitter_card":"summary_large_image","twitter_misc":{"Napisane przez":"Ma\u0142gorzata Paszko","Szacowany czas czytania":"4 minuty"},"schema":{"@context":"https:\/\/schema.org","@graph":[{"@type":"WebPage","@id":"https:\/\/kakadu.pl\/blog\/jesienny-spacer-z-psem\/","url":"https:\/\/kakadu.pl\/blog\/jesienny-spacer-z-psem\/","name":"Jesienny spacer z psem | \ud83d\udc36 Blog Kakadu ZOO","isPartOf":{"@id":"https:\/\/kakadu.pl\/blog\/#website"},"primaryImageOfPage":{"@id":"https:\/\/kakadu.pl\/blog\/jesienny-spacer-z-psem\/#primaryimage"},"image":{"@id":"https:\/\/kakadu.pl\/blog\/jesienny-spacer-z-psem\/#primaryimage"},"thumbnailUrl":"https:\/\/kakadu.pl\/blog\/wp-content\/uploads\/2017\/11\/jesienny-spacer-z-psem.jpg","datePublished":"2017-11-15T09:55:53+00:00","dateModified":"2022-08-19T14:10:16+00:00","author":{"@id":"https:\/\/kakadu.pl\/blog\/#\/schema\/person\/bc51c329e220732ca34fb8cb823a5f90"},"description":"Jesienny spacer z psem \ud83d\udc31 Sprawd\u017a informacje oraz wiedz\u0119, kt\u00f3r\u0105 dziel\u0105 si\u0119 specjali\u015bci Kakadu \ud83d\udc36","breadcrumb":{"@id":"https:\/\/kakadu.pl\/blog\/jesienny-spacer-z-psem\/#breadcrumb"},"inLanguage":"pl-PL","potentialAction":[{"@type":"ReadAction","target":["https:\/\/kakadu.pl\/blog\/jesienny-spacer-z-psem\/"]}]},{"@type":"ImageObject","inLanguage":"pl-PL","@id":"https:\/\/kakadu.pl\/blog\/jesienny-spacer-z-psem\/#primaryimage","url":"https:\/\/kakadu.pl\/blog\/wp-content\/uploads\/2017\/11\/jesienny-spacer-z-psem.jpg","contentUrl":"https:\/\/kakadu.pl\/blog\/wp-content\/uploads\/2017\/11\/jesienny-spacer-z-psem.jpg","width":940,"height":580},{"@type":"BreadcrumbList","@id":"https:\/\/kakadu.pl\/blog\/jesienny-spacer-z-psem\/#breadcrumb","itemListElement":[{"@type":"ListItem","position":1,"name":"Blog","item":"https:\/\/kakadu.pl\/blog\/"},{"@type":"ListItem","position":2,"name":"Psy","item":"https:\/\/kakadu.pl\/blog\/category\/psy\/"},{"@type":"ListItem","position":3,"name":"Artyku\u0142y dla ps\u00f3w","item":"https:\/\/kakadu.pl\/blog\/category\/psy\/artykuly-dla-psow\/"},{"@type":"ListItem","position":4,"name":"Jesienny spacer z psem"}]},{"@type":"WebSite","@id":"https:\/\/kakadu.pl\/blog\/#website","url":"https:\/\/kakadu.pl\/blog\/","name":"Sie\u0107 sklep\u00f3w zoologicznych Kakadu","description":"Profesjonalna sie\u0107 sklep\u00f3w zoologicznych","potentialAction":[{"@type":"SearchAction","target":{"@type":"EntryPoint","urlTemplate":"https:\/\/kakadu.pl\/blog\/?s={search_term_string}"},"query-input":"required name=search_term_string"}],"inLanguage":"pl-PL"},{"@type":"Person","@id":"https:\/\/kakadu.pl\/blog\/#\/schema\/person\/bc51c329e220732ca34fb8cb823a5f90","name":"Ma\u0142gorzata Paszko","image":{"@type":"ImageObject","inLanguage":"pl-PL","@id":"https:\/\/kakadu.pl\/blog\/#\/schema\/person\/image\/","url":"https:\/\/secure.gravatar.com\/avatar\/55ec024fd4b73bbe35746f06940a0988?s=96&d=mm&r=g","contentUrl":"https:\/\/secure.gravatar.com\/avatar\/55ec024fd4b73bbe35746f06940a0988?s=96&d=mm&r=g","caption":"Ma\u0142gorzata Paszko"},"description":"Z wykszta\u0142cenia i zami\u0142owania etnolog i religioznawca, dodatkowo w\u0142\u00f3czykij, kt\u00f3ry najlepiej czuje si\u0119 z plecakiem na plecach, w drodze i z dala od wszelakich plan\u00f3w. Podr\u00f3\u017ce, te bliskie, do miejsc ukrytych tu\u017c za rogiem, jak i te wiod\u0105ce w nieco bardziej odleg\u0142e zak\u0105tki globu to ju\u017c prawdziwe uzale\u017cnienie. Je\u015bli na miejscu, to z ksi\u0105\u017ck\u0105 w r\u0119ku i na peryferiach, tam gdzie wielkomiejski zgie\u0142k nie dochodzi. W sferze marze\u0144 gospodarstwo zaszyte w dziczy i hodowla owiec, cho\u0107 w gr\u0119 wchodz\u0105 te\u017c po\u0142udniowoameryka\u0144skie alpaki. Z domowych ulubie\u0144c\u00f3w od lat niekwestionowanymi faworytami pozostaj\u0105 koty.","url":"https:\/\/kakadu.pl\/blog\/author\/malgorzata-urbanowicz\/"}]}},"_links":{"self":[{"href":"https:\/\/kakadu.pl\/blog\/wp-json\/wp\/v2\/posts\/15057"}],"collection":[{"href":"https:\/\/kakadu.pl\/blog\/wp-json\/wp\/v2\/posts"}],"about":[{"href":"https:\/\/kakadu.pl\/blog\/wp-json\/wp\/v2\/types\/post"}],"author":[{"embeddable":true,"href":"https:\/\/kakadu.pl\/blog\/wp-json\/wp\/v2\/users\/14"}],"replies":[{"embeddable":true,"href":"https:\/\/kakadu.pl\/blog\/wp-json\/wp\/v2\/comments?post=15057"}],"version-history":[{"count":1,"href":"https:\/\/kakadu.pl\/blog\/wp-json\/wp\/v2\/posts\/15057\/revisions"}],"predecessor-version":[{"id":27475,"href":"https:\/\/kakadu.pl\/blog\/wp-json\/wp\/v2\/posts\/15057\/revisions\/27475"}],"wp:featuredmedia":[{"embeddable":true,"href":"https:\/\/kakadu.pl\/blog\/wp-json\/wp\/v2\/media\/15060"}],"wp:attachment":[{"href":"https:\/\/kakadu.pl\/blog\/wp-json\/wp\/v2\/media?parent=15057"}],"wp:term":[{"taxonomy":"category","embeddable":true,"href":"https:\/\/kakadu.pl\/blog\/wp-json\/wp\/v2\/categories?post=15057"},{"taxonomy":"post_tag","embeddable":true,"href":"https:\/\/kakadu.pl\/blog\/wp-json\/wp\/v2\/tags?post=15057"}],"curies":[{"name":"wp","href":"https:\/\/api.w.org\/{rel}","templated":true}]}}