{"id":14147,"date":"2017-07-10T09:10:47","date_gmt":"2017-07-10T07:10:47","guid":{"rendered":"https:\/\/blog.kakadu.pl\/wordpress\/?p=14147"},"modified":"2022-08-19T16:08:22","modified_gmt":"2022-08-19T14:08:22","slug":"lysienie-psa","status":"publish","type":"post","link":"https:\/\/kakadu.pl\/blog\/lysienie-psa\/","title":{"rendered":"\u0141ysienie psa"},"content":{"rendered":"<p>Utrata futra mo\u017ce by\u0107 zewn\u0119trznym objawem powa\u017cniejszych zdrowotnych problem\u00f3w. Je\u015bli wi\u0119c spostrze\u017cemy, \u017ce pupil nasz zaczyna intensywnie linie\u0107, a sier\u015b\u0107 jego robi si\u0119 rzadsza, czym pr\u0119dzej zabierzmy go do weterynarza. Przyczyn \u0142ysienia mo\u017ce by\u0107 wiele. Tylko dobrze postawiona diagnoza pomo\u017ce nam wi\u0119c odkry\u0107 t\u0119 konkretn\u0105 i skutecznie si\u0119 z ni\u0105 rozprawi\u0107.<\/p>\n<h3>Najcz\u0119stsze przyczyny \u0142ysienia ps\u00f3w<\/h3>\n<p><strong>\u2192 Alergie<\/strong><\/p>\n<p>Nasi domowi pupile bardzo cz\u0119sto trac\u0105 sier\u015b\u0107 z powodu r\u00f3\u017cnego rodzaju alergii. W gr\u0119 wchodz\u0105 tu przede wszystkim uczulenia na py\u0142ki i na jedzenie. Czworonogi \u017ale tolerowa\u0107 mog\u0105 te\u017c \u015brodki czysto\u015bci stosowane w domu \u2013 np. substancje zawarte w p\u0142ynie do czyszczenia pod\u0142\u00f3g b\u0105d\u017a dym papierosowy, <strong>psie szampony<\/strong> czy podawane im leki (sprawd\u017a, jaki szampon wybrak dla psa z alergi\u0105 <a href=\"https:\/\/kakadu.pl\/blog\/szampony-dla-psow-z-alergia\/\" target=\"_blank\" rel=\"noopener\"><strong>KLIK<\/strong><\/a>). Zazwyczaj w przypadku alergii wypadaniu sier\u015bci towarzysz\u0105 te\u017c zmiany sk\u00f3rne i cz\u0119ste, wr\u0119cz kompulsywne gryzienie si\u0119 b\u0105d\u017a drapanie. Rozpoznanie szkodz\u0105cych psu alergen\u00f3w w tej sytuacji jest kwesti\u0105 kluczow\u0105. Dopiero wyeliminowanie lub radykalne ich zminimalizowanie jest w stanie poprawi\u0107 samopoczucie zwierzaka.<\/p>\n<p><strong>\u2192 Bakterie, grzyby i paso\u017cyty<\/strong><\/p>\n<p>W\u015br\u00f3d paso\u017cyt\u00f3w atakuj\u0105cych naszych czworono\u017cnych pupili prym wiod\u0105 <strong>pch\u0142y i kleszcze<\/strong>. W przypadku tych niechcianych go\u015bci warto postawi\u0107 na prewencj\u0119 i zawczasu zabezpieczy\u0107 psa w odpowiedni spos\u00f3b. Wyb\u00f3r \u015brodk\u00f3w dost\u0119pnych na rynku jest du\u017cy \u2013 si\u0119gn\u0105\u0107 mo\u017cemy po szampony, specjalne obro\u017ce, tabletki, preparaty typu spot on czy spraye (poczyta wi\u0119cej o \u015brodkach przeciw pch\u0142om i kleszczom dla ps\u00f3w <a href=\"https:\/\/kakadu.pl\/blog\/srodki-przeciw-pchlom-i-kleszczom-dla-psa\/\" target=\"_blank\" rel=\"noopener\"><strong>KLIK<\/strong><\/a>). Nie warto wi\u0119c ryzykowa\u0107 i czeka\u0107 a\u017c sier\u015b\u0107 psa stanie si\u0119 siedliskiem tych szkodnik\u00f3w. Za<strong> \u0142ysienie psa<\/strong>, poza pch\u0142ami, odpowiedzialne mog\u0105 by\u0107 te\u017c zarodniki ple\u015bni, \u015bwierzbowce, nu\u017ce\u0144ce czy zapalenia grzybiczne. Powodem tych ostatnich zazwyczaj jest niew\u0142a\u015bciwa b\u0105d\u017a niewystarczaj\u0105ca higiena, nieopatrzone rany lub z\u0142a dieta. Nie wszystkim psim dolegliwo\u015bciom uda nam si\u0119 zapobiec. Pewne sprawy z pewno\u015bci\u0105 mo\u017cemy mie\u0107 jednak pod kontrol\u0105.a<\/p>\n<p style=\"text-align: center;\"><strong>\u2193 PREPARATY PRZECIWPASO\u017bYTNICZE DLA PSA \u2193<\/strong><\/p>\n<p><iframe loading=\"lazy\" style=\"width: 100%; height: 940px;\" src=\"https:\/\/kakadu.pl\/adbox.php?id=324&amp;hash=8b66ccaf678efec00237d5fed8eec19c\" width=\"100%\" height=\"940\" frameborder=\"0\"><\/iframe><\/p>\n<p><strong>\u2192 Niedoczynno\u015b\u0107 tarczycy<\/strong><\/p>\n<p>Niedoczynno\u015b\u0107 tarczycy to przypad\u0142o\u015b\u0107, kt\u00f3ra doskwiera\u0107 mo\u017ce nie tylko ludziom, ale i zwierz\u0119tom. Najcz\u0119\u015bciej dotyka ona psy ras \u015brednich, mi\u0119dzy 4 a 10 rokiem \u017cycia. Pewne rasy, w tym m. in cocker spaniele, boksery, labradory, jamniki czy dobermany na przypad\u0142o\u015b\u0107 t\u0119 nara\u017cone s\u0105 cz\u0119\u015bciej. Nie jest jednak regu\u0142\u0105, \u017ce tylko ich dotyczy\u0107 mog\u0105 problemy z tarczyc\u0105. \u0141ysienie psa mo\u017ce by\u0107 jednym ze znak\u00f3w wskazuj\u0105cych na niedoczynno\u015b\u0107. Do innych alarmuj\u0105cych sygna\u0142\u00f3w zaliczamy m.in. ciemnienie sk\u00f3ry, cz\u0119ste drzemki i niech\u0119\u0107 do zabaw czy p\u0119kate podbrzusze.<\/p>\n<p><strong>\u2192 Przyczyny genetyczne<\/strong><\/p>\n<p>Gdy na zewn\u0105trz robi si\u0119 ciep\u0142o, wi\u0119kszo\u015b\u0107 ps\u00f3w gubi nieco sier\u015bci. Letnie linienie nie powinno wprowadza\u0107 nas w panik\u0119 pod warunkiem, \u017ce nie jest ono przesadnie intensywne. Niekt\u00f3re zwierzaki poza sezonowym zrzucaniem ow\u0142osienia maj\u0105 genetyczne predyspozycje do utraty w\u0142os\u00f3w w okolicach uszu, na dolnej cz\u0119\u015bci szyi, na klatce piersiowej b\u0105d\u017a plecach. Takie niewielkie prze\u015bwity nie powinny nas wi\u0119c martwi\u0107 w\u00f3wczas, gdy w domu mamy jamnika, dobermana, chihuahua, whippeta lub charcika w\u0142oskiego. Je\u015bli wy\u0142ysia\u0142e miejsca s\u0105 niewielkie i nie towarzysz\u0105 im \u017cadne inne niepokoj\u0105ce objawy, zdrowiu naszych pupili nic nie zagra\u017ca.<\/p>\n<p style=\"text-align: center;\"><strong>\u2193 HIPOALERGICZNE SZAMPONY DLA PSA \u2193<\/strong><\/p>\n<p><iframe loading=\"lazy\" style=\"width: 100%; height: 470px;\" src=\"https:\/\/kakadu.pl\/adbox.php?id=452&amp;hash=820d7745c244a5bc98cc80cbb5f66997\" width=\"100%\" height=\"470\" frameborder=\"0\"><\/iframe><\/p>\n<p><strong>\u2192 Modzele<\/strong><\/p>\n<p>Inn\u0105 mniej niepokoj\u0105c\u0105 dolegliwo\u015bci\u0105, kt\u00f3ra u ps\u00f3w powoduje \u0142ysienie na \u0142okciach, s\u0105 <strong>modzele<\/strong>. Na odle\u017cyny takie, powstaj\u0105ce na skutek nieustannego dra\u017cnienia sk\u00f3ry podczas le\u017cenia na twardej powierzchni, szczeg\u00f3lnie nara\u017cone s\u0105 psy ras du\u017cych i olbrzymich. Miejsca takie s\u0105 nie tylko pozbawione sier\u015bci, ale cz\u0119sto te\u017c nie goj\u0105 si\u0119 one do ko\u0144ca i krwawi\u0105 nieustannie. W takiej sytuacji zakupi\u0107 musimy mi\u0119kkie legowisko i regularnie przeciera\u0107 rany \u015brodkiem dezynfekuj\u0105cym.<\/p>\n<p style=\"text-align: center;\"><strong>\u2193 LEGOWISKA DLA PSA \u2193<\/strong><\/p>\n<p><a href=\"https:\/\/kakadu.pl\/blog\/\"><img decoding=\"async\" loading=\"lazy\" class=\"alignnone size-full wp-image-6861\" src=\"https:\/\/kakadu.pl\/blog\/wp-content\/uploads\/2014\/05\/banerek-promocyjny-kakadu1.jpg\" alt=\"banerek-promocyjny-kakadu1\" width=\"940\" height=\"109\" \/><\/a><\/p>\n<p><iframe loading=\"lazy\" style=\"width: 100%; height: 705px;\" src=\"https:\/\/kakadu.pl\/adbox.php?id=775&amp;hash=cabedfd4ceaed352aaa74e5c2917f51d\" width=\"100%\" height=\"705\" frameborder=\"0\"><\/iframe><\/p>\n<p>Zdj\u0119cie: Fotolia.pl<\/p>\n","protected":false},"excerpt":{"rendered":"<p>Utrata futra mo\u017ce by\u0107 zewn\u0119trznym objawem powa\u017cniejszych zdrowotnych problem\u00f3w. Je\u015bli wi\u0119c spostrze\u017cemy, \u017ce pupil nasz zaczyna intensywnie linie\u0107, a sier\u015b\u0107 jego robi si\u0119 rzadsza, czym pr\u0119dzej zabierzmy go do weterynarza....<\/p>\n","protected":false},"author":14,"featured_media":14150,"comment_status":"open","ping_status":"open","sticky":false,"template":"","format":"standard","meta":{"inline_featured_image":false,"footnotes":""},"categories":[4,3],"tags":[156],"yoast_head":"<!-- This site is optimized with the Yoast SEO plugin v22.4 - https:\/\/yoast.com\/wordpress\/plugins\/seo\/ -->\n<title>\u0141ysienie psa | \ud83d\udc36 Blog Kakadu ZOO<\/title>\n<meta name=\"description\" content=\"\u0141ysienie psa \ud83d\udc31 Sprawd\u017a informacje oraz wiedz\u0119, kt\u00f3r\u0105 dziel\u0105 si\u0119 specjali\u015bci Kakadu \ud83d\udc36\" \/>\n<meta name=\"robots\" content=\"index, follow, max-snippet:-1, max-image-preview:large, max-video-preview:-1\" \/>\n<link rel=\"canonical\" href=\"https:\/\/kakadu.pl\/blog\/lysienie-psa\/\" \/>\n<meta property=\"og:locale\" content=\"pl_PL\" \/>\n<meta property=\"og:type\" content=\"article\" \/>\n<meta property=\"og:title\" content=\"\u0141ysienie psa | \ud83d\udc36 Blog Kakadu ZOO\" \/>\n<meta property=\"og:description\" content=\"\u0141ysienie psa \ud83d\udc31 Sprawd\u017a informacje oraz wiedz\u0119, kt\u00f3r\u0105 dziel\u0105 si\u0119 specjali\u015bci Kakadu \ud83d\udc36\" \/>\n<meta property=\"og:url\" content=\"https:\/\/kakadu.pl\/blog\/lysienie-psa\/\" \/>\n<meta property=\"og:site_name\" content=\"Sie\u0107 sklep\u00f3w zoologicznych Kakadu\" \/>\n<meta property=\"article:published_time\" content=\"2017-07-10T07:10:47+00:00\" \/>\n<meta property=\"article:modified_time\" content=\"2022-08-19T14:08:22+00:00\" \/>\n<meta property=\"og:image\" content=\"https:\/\/kakadu.pl\/blog\/wp-content\/uploads\/2017\/07\/lysienie-psa.jpg\" \/>\n\t<meta property=\"og:image:width\" content=\"940\" \/>\n\t<meta property=\"og:image:height\" content=\"580\" \/>\n\t<meta property=\"og:image:type\" content=\"image\/jpeg\" \/>\n<meta name=\"author\" content=\"Ma\u0142gorzata Paszko\" \/>\n<meta name=\"twitter:card\" content=\"summary_large_image\" \/>\n<meta name=\"twitter:label1\" content=\"Napisane przez\" \/>\n\t<meta name=\"twitter:data1\" content=\"Ma\u0142gorzata Paszko\" \/>\n\t<meta name=\"twitter:label2\" content=\"Szacowany czas czytania\" \/>\n\t<meta name=\"twitter:data2\" content=\"3 minuty\" \/>\n<script type=\"application\/ld+json\" class=\"yoast-schema-graph\">{\"@context\":\"https:\/\/schema.org\",\"@graph\":[{\"@type\":\"WebPage\",\"@id\":\"https:\/\/kakadu.pl\/blog\/lysienie-psa\/\",\"url\":\"https:\/\/kakadu.pl\/blog\/lysienie-psa\/\",\"name\":\"\u0141ysienie psa | \ud83d\udc36 Blog Kakadu ZOO\",\"isPartOf\":{\"@id\":\"https:\/\/kakadu.pl\/blog\/#website\"},\"primaryImageOfPage\":{\"@id\":\"https:\/\/kakadu.pl\/blog\/lysienie-psa\/#primaryimage\"},\"image\":{\"@id\":\"https:\/\/kakadu.pl\/blog\/lysienie-psa\/#primaryimage\"},\"thumbnailUrl\":\"https:\/\/kakadu.pl\/blog\/wp-content\/uploads\/2017\/07\/lysienie-psa.jpg\",\"datePublished\":\"2017-07-10T07:10:47+00:00\",\"dateModified\":\"2022-08-19T14:08:22+00:00\",\"author\":{\"@id\":\"https:\/\/kakadu.pl\/blog\/#\/schema\/person\/bc51c329e220732ca34fb8cb823a5f90\"},\"description\":\"\u0141ysienie psa \ud83d\udc31 Sprawd\u017a informacje oraz wiedz\u0119, kt\u00f3r\u0105 dziel\u0105 si\u0119 specjali\u015bci Kakadu \ud83d\udc36\",\"breadcrumb\":{\"@id\":\"https:\/\/kakadu.pl\/blog\/lysienie-psa\/#breadcrumb\"},\"inLanguage\":\"pl-PL\",\"potentialAction\":[{\"@type\":\"ReadAction\",\"target\":[\"https:\/\/kakadu.pl\/blog\/lysienie-psa\/\"]}]},{\"@type\":\"ImageObject\",\"inLanguage\":\"pl-PL\",\"@id\":\"https:\/\/kakadu.pl\/blog\/lysienie-psa\/#primaryimage\",\"url\":\"https:\/\/kakadu.pl\/blog\/wp-content\/uploads\/2017\/07\/lysienie-psa.jpg\",\"contentUrl\":\"https:\/\/kakadu.pl\/blog\/wp-content\/uploads\/2017\/07\/lysienie-psa.jpg\",\"width\":940,\"height\":580},{\"@type\":\"BreadcrumbList\",\"@id\":\"https:\/\/kakadu.pl\/blog\/lysienie-psa\/#breadcrumb\",\"itemListElement\":[{\"@type\":\"ListItem\",\"position\":1,\"name\":\"Blog\",\"item\":\"https:\/\/kakadu.pl\/blog\/\"},{\"@type\":\"ListItem\",\"position\":2,\"name\":\"Psy\",\"item\":\"https:\/\/kakadu.pl\/blog\/category\/psy\/\"},{\"@type\":\"ListItem\",\"position\":3,\"name\":\"Zdrowie ps\u00f3w\",\"item\":\"https:\/\/kakadu.pl\/blog\/category\/psy\/zdrowie-psow\/\"},{\"@type\":\"ListItem\",\"position\":4,\"name\":\"\u0141ysienie psa\"}]},{\"@type\":\"WebSite\",\"@id\":\"https:\/\/kakadu.pl\/blog\/#website\",\"url\":\"https:\/\/kakadu.pl\/blog\/\",\"name\":\"Sie\u0107 sklep\u00f3w zoologicznych Kakadu\",\"description\":\"Profesjonalna sie\u0107 sklep\u00f3w zoologicznych\",\"potentialAction\":[{\"@type\":\"SearchAction\",\"target\":{\"@type\":\"EntryPoint\",\"urlTemplate\":\"https:\/\/kakadu.pl\/blog\/?s={search_term_string}\"},\"query-input\":\"required name=search_term_string\"}],\"inLanguage\":\"pl-PL\"},{\"@type\":\"Person\",\"@id\":\"https:\/\/kakadu.pl\/blog\/#\/schema\/person\/bc51c329e220732ca34fb8cb823a5f90\",\"name\":\"Ma\u0142gorzata Paszko\",\"image\":{\"@type\":\"ImageObject\",\"inLanguage\":\"pl-PL\",\"@id\":\"https:\/\/kakadu.pl\/blog\/#\/schema\/person\/image\/\",\"url\":\"https:\/\/secure.gravatar.com\/avatar\/55ec024fd4b73bbe35746f06940a0988?s=96&d=mm&r=g\",\"contentUrl\":\"https:\/\/secure.gravatar.com\/avatar\/55ec024fd4b73bbe35746f06940a0988?s=96&d=mm&r=g\",\"caption\":\"Ma\u0142gorzata Paszko\"},\"description\":\"Z wykszta\u0142cenia i zami\u0142owania etnolog i religioznawca, dodatkowo w\u0142\u00f3czykij, kt\u00f3ry najlepiej czuje si\u0119 z plecakiem na plecach, w drodze i z dala od wszelakich plan\u00f3w. Podr\u00f3\u017ce, te bliskie, do miejsc ukrytych tu\u017c za rogiem, jak i te wiod\u0105ce w nieco bardziej odleg\u0142e zak\u0105tki globu to ju\u017c prawdziwe uzale\u017cnienie. Je\u015bli na miejscu, to z ksi\u0105\u017ck\u0105 w r\u0119ku i na peryferiach, tam gdzie wielkomiejski zgie\u0142k nie dochodzi. W sferze marze\u0144 gospodarstwo zaszyte w dziczy i hodowla owiec, cho\u0107 w gr\u0119 wchodz\u0105 te\u017c po\u0142udniowoameryka\u0144skie alpaki. Z domowych ulubie\u0144c\u00f3w od lat niekwestionowanymi faworytami pozostaj\u0105 koty.\",\"url\":\"https:\/\/kakadu.pl\/blog\/author\/malgorzata-urbanowicz\/\"}]}<\/script>\n<!-- \/ Yoast SEO plugin. -->","yoast_head_json":{"title":"\u0141ysienie psa | \ud83d\udc36 Blog Kakadu ZOO","description":"\u0141ysienie psa \ud83d\udc31 Sprawd\u017a informacje oraz wiedz\u0119, kt\u00f3r\u0105 dziel\u0105 si\u0119 specjali\u015bci Kakadu \ud83d\udc36","robots":{"index":"index","follow":"follow","max-snippet":"max-snippet:-1","max-image-preview":"max-image-preview:large","max-video-preview":"max-video-preview:-1"},"canonical":"https:\/\/kakadu.pl\/blog\/lysienie-psa\/","og_locale":"pl_PL","og_type":"article","og_title":"\u0141ysienie psa | \ud83d\udc36 Blog Kakadu ZOO","og_description":"\u0141ysienie psa \ud83d\udc31 Sprawd\u017a informacje oraz wiedz\u0119, kt\u00f3r\u0105 dziel\u0105 si\u0119 specjali\u015bci Kakadu \ud83d\udc36","og_url":"https:\/\/kakadu.pl\/blog\/lysienie-psa\/","og_site_name":"Sie\u0107 sklep\u00f3w zoologicznych Kakadu","article_published_time":"2017-07-10T07:10:47+00:00","article_modified_time":"2022-08-19T14:08:22+00:00","og_image":[{"width":940,"height":580,"url":"https:\/\/kakadu.pl\/blog\/wp-content\/uploads\/2017\/07\/lysienie-psa.jpg","type":"image\/jpeg"}],"author":"Ma\u0142gorzata Paszko","twitter_card":"summary_large_image","twitter_misc":{"Napisane przez":"Ma\u0142gorzata Paszko","Szacowany czas czytania":"3 minuty"},"schema":{"@context":"https:\/\/schema.org","@graph":[{"@type":"WebPage","@id":"https:\/\/kakadu.pl\/blog\/lysienie-psa\/","url":"https:\/\/kakadu.pl\/blog\/lysienie-psa\/","name":"\u0141ysienie psa | \ud83d\udc36 Blog Kakadu ZOO","isPartOf":{"@id":"https:\/\/kakadu.pl\/blog\/#website"},"primaryImageOfPage":{"@id":"https:\/\/kakadu.pl\/blog\/lysienie-psa\/#primaryimage"},"image":{"@id":"https:\/\/kakadu.pl\/blog\/lysienie-psa\/#primaryimage"},"thumbnailUrl":"https:\/\/kakadu.pl\/blog\/wp-content\/uploads\/2017\/07\/lysienie-psa.jpg","datePublished":"2017-07-10T07:10:47+00:00","dateModified":"2022-08-19T14:08:22+00:00","author":{"@id":"https:\/\/kakadu.pl\/blog\/#\/schema\/person\/bc51c329e220732ca34fb8cb823a5f90"},"description":"\u0141ysienie psa \ud83d\udc31 Sprawd\u017a informacje oraz wiedz\u0119, kt\u00f3r\u0105 dziel\u0105 si\u0119 specjali\u015bci Kakadu \ud83d\udc36","breadcrumb":{"@id":"https:\/\/kakadu.pl\/blog\/lysienie-psa\/#breadcrumb"},"inLanguage":"pl-PL","potentialAction":[{"@type":"ReadAction","target":["https:\/\/kakadu.pl\/blog\/lysienie-psa\/"]}]},{"@type":"ImageObject","inLanguage":"pl-PL","@id":"https:\/\/kakadu.pl\/blog\/lysienie-psa\/#primaryimage","url":"https:\/\/kakadu.pl\/blog\/wp-content\/uploads\/2017\/07\/lysienie-psa.jpg","contentUrl":"https:\/\/kakadu.pl\/blog\/wp-content\/uploads\/2017\/07\/lysienie-psa.jpg","width":940,"height":580},{"@type":"BreadcrumbList","@id":"https:\/\/kakadu.pl\/blog\/lysienie-psa\/#breadcrumb","itemListElement":[{"@type":"ListItem","position":1,"name":"Blog","item":"https:\/\/kakadu.pl\/blog\/"},{"@type":"ListItem","position":2,"name":"Psy","item":"https:\/\/kakadu.pl\/blog\/category\/psy\/"},{"@type":"ListItem","position":3,"name":"Zdrowie ps\u00f3w","item":"https:\/\/kakadu.pl\/blog\/category\/psy\/zdrowie-psow\/"},{"@type":"ListItem","position":4,"name":"\u0141ysienie psa"}]},{"@type":"WebSite","@id":"https:\/\/kakadu.pl\/blog\/#website","url":"https:\/\/kakadu.pl\/blog\/","name":"Sie\u0107 sklep\u00f3w zoologicznych Kakadu","description":"Profesjonalna sie\u0107 sklep\u00f3w zoologicznych","potentialAction":[{"@type":"SearchAction","target":{"@type":"EntryPoint","urlTemplate":"https:\/\/kakadu.pl\/blog\/?s={search_term_string}"},"query-input":"required name=search_term_string"}],"inLanguage":"pl-PL"},{"@type":"Person","@id":"https:\/\/kakadu.pl\/blog\/#\/schema\/person\/bc51c329e220732ca34fb8cb823a5f90","name":"Ma\u0142gorzata Paszko","image":{"@type":"ImageObject","inLanguage":"pl-PL","@id":"https:\/\/kakadu.pl\/blog\/#\/schema\/person\/image\/","url":"https:\/\/secure.gravatar.com\/avatar\/55ec024fd4b73bbe35746f06940a0988?s=96&d=mm&r=g","contentUrl":"https:\/\/secure.gravatar.com\/avatar\/55ec024fd4b73bbe35746f06940a0988?s=96&d=mm&r=g","caption":"Ma\u0142gorzata Paszko"},"description":"Z wykszta\u0142cenia i zami\u0142owania etnolog i religioznawca, dodatkowo w\u0142\u00f3czykij, kt\u00f3ry najlepiej czuje si\u0119 z plecakiem na plecach, w drodze i z dala od wszelakich plan\u00f3w. Podr\u00f3\u017ce, te bliskie, do miejsc ukrytych tu\u017c za rogiem, jak i te wiod\u0105ce w nieco bardziej odleg\u0142e zak\u0105tki globu to ju\u017c prawdziwe uzale\u017cnienie. Je\u015bli na miejscu, to z ksi\u0105\u017ck\u0105 w r\u0119ku i na peryferiach, tam gdzie wielkomiejski zgie\u0142k nie dochodzi. W sferze marze\u0144 gospodarstwo zaszyte w dziczy i hodowla owiec, cho\u0107 w gr\u0119 wchodz\u0105 te\u017c po\u0142udniowoameryka\u0144skie alpaki. Z domowych ulubie\u0144c\u00f3w od lat niekwestionowanymi faworytami pozostaj\u0105 koty.","url":"https:\/\/kakadu.pl\/blog\/author\/malgorzata-urbanowicz\/"}]}},"_links":{"self":[{"href":"https:\/\/kakadu.pl\/blog\/wp-json\/wp\/v2\/posts\/14147"}],"collection":[{"href":"https:\/\/kakadu.pl\/blog\/wp-json\/wp\/v2\/posts"}],"about":[{"href":"https:\/\/kakadu.pl\/blog\/wp-json\/wp\/v2\/types\/post"}],"author":[{"embeddable":true,"href":"https:\/\/kakadu.pl\/blog\/wp-json\/wp\/v2\/users\/14"}],"replies":[{"embeddable":true,"href":"https:\/\/kakadu.pl\/blog\/wp-json\/wp\/v2\/comments?post=14147"}],"version-history":[{"count":1,"href":"https:\/\/kakadu.pl\/blog\/wp-json\/wp\/v2\/posts\/14147\/revisions"}],"predecessor-version":[{"id":27362,"href":"https:\/\/kakadu.pl\/blog\/wp-json\/wp\/v2\/posts\/14147\/revisions\/27362"}],"wp:featuredmedia":[{"embeddable":true,"href":"https:\/\/kakadu.pl\/blog\/wp-json\/wp\/v2\/media\/14150"}],"wp:attachment":[{"href":"https:\/\/kakadu.pl\/blog\/wp-json\/wp\/v2\/media?parent=14147"}],"wp:term":[{"taxonomy":"category","embeddable":true,"href":"https:\/\/kakadu.pl\/blog\/wp-json\/wp\/v2\/categories?post=14147"},{"taxonomy":"post_tag","embeddable":true,"href":"https:\/\/kakadu.pl\/blog\/wp-json\/wp\/v2\/tags?post=14147"}],"curies":[{"name":"wp","href":"https:\/\/api.w.org\/{rel}","templated":true}]}}